{"id":57746,"date":"2019-07-12T15:19:58","date_gmt":"2019-07-12T15:19:58","guid":{"rendered":"https:\/\/colimdo.org\/?p=57746"},"modified":"2019-07-12T15:19:58","modified_gmt":"2019-07-12T15:19:58","slug":"ministro-deportes-reconoce-avance-del-sambo-pais","status":"publish","type":"post","link":"https:\/\/colimdo.org\/noticias\/ministro-deportes-reconoce-avance-del-sambo-pais\/","title":{"rendered":"Ministro Deportes reconoce avance del sambo en el pa\u00eds"},"content":{"rendered":"<p>SANTO DOMINGO. \u2013 El ministro de Deportes, Danilo D\u00edaz, destac\u00f3 el montaje del Campeonato Panamericano de Sambo en el pa\u00eds e incluy\u00f3 la disciplina como marca pa\u00eds, luego del exitoso Campeonato Panamericano celebrado recientemente con la participaci\u00f3n de atletas de 24 naciones.<\/p>\n<p>\u201cFue un gran evento, ya aqu\u00ed se conoce el sambo y entrar\u00e1 como deporte oficial en los pr\u00f3ximos Juegos Deportivos Nacionales que se efectuar\u00e1n el pr\u00f3ximo a\u00f1o\u201d, dijo el funcionario.<\/p>\n<p>Agreg\u00f3 que el sambo tiene un espacio en el pa\u00eds, que retuvo el t\u00edtulo Panamericano ganado el a\u00f1o pasado en M\u00e9xico.<\/p>\n<p>De igual forma se expres\u00f3 el t\u00e9cnico del Ministerio de Deportes, Tony Mesa, quien en la inauguraci\u00f3n represent\u00f3 al ministro.<\/p>\n<p><strong>FIAS felicita a Romero<\/strong><\/p>\n<p>Asimismo, el presidente de la Federaci\u00f3n Internacional de Sambo (FIAS), el ruso Vasily Shestakov, felicit\u00f3 al presidente de la Federaci\u00f3n Dominicana de esa disciplina, Eliseo Romero, por el montaje del Panamericano.<\/p>\n<p>En una misiva enviada a Romero, Shestakov resalta el \u00e9xito y nivel que tuvo el evento efectuado los d\u00edas 28, 29 y 30 de junio en el pabell\u00f3n de balonmano del Parque del Este y en la playa de Boca Chica.<\/p>\n<p>Dijo que este evento dej\u00f3 claro el nivel que ha alcanzado el sambo en Am\u00e9rica.<\/p>\n<p>En el Campamento participaron m\u00e1s de 140 atletas y las competencias tuvieron un elevado nivel tanto en el sambo de combate como en el deportivo y en la categor\u00eda de playa.<\/p>\n<p>Romero agradeci\u00f3 el reconocimiento que le hace la FIAS y prometi\u00f3 seguir trabajando por el desarrollo y fomento de este deporte en el pa\u00eds.<\/p>\n<p>\u201cUna misi\u00f3n cumplida, vamos a seguir hacia delante fomentando este deporte en el pa\u00eds y compitiendo en todos los niveles\u201d, dijo el dirigente.<\/p>\n","protected":false},"excerpt":{"rendered":"<p>Danilo D\u00edaz, destac\u00f3 el montaje del Campeonato Panamericano de Sambo en el pa\u00eds e incluy\u00f3 la disciplina como marca pa\u00eds, luego del exitoso Campeonato Panamericano celebrado recientemente con la participaci\u00f3n de atletas de 24 naciones.<\/p>\n","protected":false},"author":16,"featured_media":57747,"comment_status":"closed","ping_status":"closed","sticky":false,"template":"","format":"standard","meta":[],"categories":[2,60],"tags":[],"acf":[],"_links":{"self":[{"href":"https:\/\/colimdo.org\/wp-api\/wp\/v2\/posts\/57746"}],"collection":[{"href":"https:\/\/colimdo.org\/wp-api\/wp\/v2\/posts"}],"about":[{"href":"https:\/\/colimdo.org\/wp-api\/wp\/v2\/types\/post"}],"author":[{"embeddable":true,"href":"https:\/\/colimdo.org\/wp-api\/wp\/v2\/users\/16"}],"replies":[{"embeddable":true,"href":"https:\/\/colimdo.org\/wp-api\/wp\/v2\/comments?post=57746"}],"version-history":[{"count":1,"href":"https:\/\/colimdo.org\/wp-api\/wp\/v2\/posts\/57746\/revisions"}],"predecessor-version":[{"id":57748,"href":"https:\/\/colimdo.org\/wp-api\/wp\/v2\/posts\/57746\/revisions\/57748"}],"wp:featuredmedia":[{"embeddable":true,"href":"https:\/\/colimdo.org\/wp-api\/wp\/v2\/media\/57747"}],"wp:attachment":[{"href":"https:\/\/colimdo.org\/wp-api\/wp\/v2\/media?parent=57746"}],"wp:term":[{"taxonomy":"category","embeddable":true,"href":"https:\/\/colimdo.org\/wp-api\/wp\/v2\/categories?post=57746"},{"taxonomy":"post_tag","embeddable":true,"href":"https:\/\/colimdo.org\/wp-api\/wp\/v2\/tags?post=57746"}],"curies":[{"name":"wp","href":"https:\/\/api.w.org\/{rel}","templated":true}]}}