{"id":57772,"date":"2019-07-12T18:07:18","date_gmt":"2019-07-12T18:07:18","guid":{"rendered":"https:\/\/colimdo.org\/?p=57772"},"modified":"2019-07-12T18:07:21","modified_gmt":"2019-07-12T18:07:21","slug":"judocas-tras-puntos-tokio-2020-grand-prix-budapest","status":"publish","type":"post","link":"https:\/\/colimdo.org\/noticias\/judocas-tras-puntos-tokio-2020-grand-prix-budapest\/","title":{"rendered":"Judocas tras puntos para Tokio 2020 en Grand Prix de Budapest"},"content":{"rendered":"<p><strong>SANTO DOMINGO<\/strong>. El seleccionado superior de judo tomar\u00e1 parte en el Grand Prix de Judo que se celebrar\u00e1 este fin de semana en Budapest, Hungr\u00eda y que reparte puntos para los Juegos Ol\u00edmpicos de Tokio 2020.<\/p>\n<p>La participaci\u00f3n de los seis atletas quisqueyanos en el Grand Prix tambi\u00e9n forma parte del programa de preparaci\u00f3n con miras a la participaci\u00f3n en los Juegos Panamericanos que se llevar\u00e1n a cabo del 26 de este mes al 11 de agosto en Lima, Per\u00fa.<\/p>\n<p>Ana Rosa, en la categor\u00eda de los 57 kilos, enfrentar\u00e1 a la que judoca que resulte ganadora en el combate que disputar\u00e1n Elizabeth Garc\u00eda, de M\u00e9xico, y Asimina Theodorakis, de Australia.<\/p>\n<p>En la prueba menos 60 kilos, Elmert Ram\u00edrez combatir\u00e1 en su primera pelea ante Ariunbold Enkhtaivan, de Mongolia, mientras que Wander Mateo, en menos 66 kilos, tendr\u00e1 de frente a Jacob Valois, de Canad\u00e1.<\/p>\n<p>Medickson del Orbe, en menos 81 kilos, pelear\u00e1 con Arthur Wright, de Estados Unidos; Robert Florentino, en menos 90 kilos, enfrentar\u00e1 a Roland Goz, de Hungr\u00eda; Lewis Medina, en menos de 100 kilos, se medir\u00e1 a Oleg Ishimov, de Rusia, y Jos\u00e9 Nova, en m\u00e1s de 100 kilos, combatir\u00e1 con Onise Bughadze, de Georgia.<\/p>\n<p>Adem\u00e1s de los atletas, la delegaci\u00f3n est\u00e1 integrada por los entrenadores Wilkin Ogando y Manuel Ram\u00edrez, as\u00ed como el \u00e1rbitro Orlando Cruz.<\/p>\n<p>En el Grand Prix de Judo de Budapest, que se celebra hasta este domingo, participar\u00e1n 550 competidores, incluidos 344 hombres y 206 mujeres, provenientes de 82 pa\u00edses de los cinco continentes.<\/p>\n","protected":false},"excerpt":{"rendered":"<p>Ana Rosa, Elmert Ram\u00edrez y Wander Mateo son los primeros competidores que estar\u00e1n en acci\u00f3n en el certamen de Hungr\u00eda.<\/p>\n","protected":false},"author":13,"featured_media":57773,"comment_status":"closed","ping_status":"closed","sticky":false,"template":"","format":"standard","meta":[],"categories":[2,60],"tags":[],"acf":[],"_links":{"self":[{"href":"https:\/\/colimdo.org\/wp-api\/wp\/v2\/posts\/57772"}],"collection":[{"href":"https:\/\/colimdo.org\/wp-api\/wp\/v2\/posts"}],"about":[{"href":"https:\/\/colimdo.org\/wp-api\/wp\/v2\/types\/post"}],"author":[{"embeddable":true,"href":"https:\/\/colimdo.org\/wp-api\/wp\/v2\/users\/13"}],"replies":[{"embeddable":true,"href":"https:\/\/colimdo.org\/wp-api\/wp\/v2\/comments?post=57772"}],"version-history":[{"count":1,"href":"https:\/\/colimdo.org\/wp-api\/wp\/v2\/posts\/57772\/revisions"}],"predecessor-version":[{"id":57774,"href":"https:\/\/colimdo.org\/wp-api\/wp\/v2\/posts\/57772\/revisions\/57774"}],"wp:featuredmedia":[{"embeddable":true,"href":"https:\/\/colimdo.org\/wp-api\/wp\/v2\/media\/57773"}],"wp:attachment":[{"href":"https:\/\/colimdo.org\/wp-api\/wp\/v2\/media?parent=57772"}],"wp:term":[{"taxonomy":"category","embeddable":true,"href":"https:\/\/colimdo.org\/wp-api\/wp\/v2\/categories?post=57772"},{"taxonomy":"post_tag","embeddable":true,"href":"https:\/\/colimdo.org\/wp-api\/wp\/v2\/tags?post=57772"}],"curies":[{"name":"wp","href":"https:\/\/api.w.org\/{rel}","templated":true}]}}