{"id":57778,"date":"2019-07-12T18:11:47","date_gmt":"2019-07-12T18:11:47","guid":{"rendered":"https:\/\/colimdo.org\/?p=57778"},"modified":"2019-07-12T18:11:55","modified_gmt":"2019-07-12T18:11:55","slug":"acosta-dice-seleccionado-lucha-ha-recibido-preparacion-adecuada","status":"publish","type":"post","link":"https:\/\/colimdo.org\/noticias\/acosta-dice-seleccionado-lucha-ha-recibido-preparacion-adecuada\/","title":{"rendered":"Acosta dice seleccionado lucha ha recibido preparaci\u00f3n adecuada"},"content":{"rendered":"<p><strong>SANTO DOMINGO<\/strong>. El presidente de la Federaci\u00f3n Dominicana de Lucha (Fedola), licenciado Antonio Acosta, revel\u00f3 que el seleccionado superior de esa disciplina ha hecho una preparaci\u00f3n adecuada con miras a su participaci\u00f3n en los XVIII Juegos Panamericanos que se celebrar\u00e1n del 26 de este mes al 11 de agosto en Lima, Per\u00fa.<\/p>\n<p>Acosta hizo tales declaraciones durante la visita que hiciera este viernes una comisi\u00f3n encabezada por el licenciado Luis Mej\u00eda, presidente del COD; Garibaldy Bautista, Jefe de Misi\u00f3n; Nelson Ram\u00edrez, y Pedro Zamora, de la direcci\u00f3n t\u00e9cnica del Ministerio de Deportes.<\/p>\n<p>\u201cHemos hecho una preparaci\u00f3n adecuada en busca de un buen resultado en los Panamericanos de Lima\u201d, se\u00f1al\u00f3 Acosta, quien manifest\u00f3 adem\u00e1s que los atletas de lucha se encuentran en la etapa final de preparaci\u00f3n.<\/p>\n<p>El dirigente deportivo record\u00f3 que el equipo de lucha, conformado por 10 atletas, hizo una base de entrenamiento en Cuba y que tambi\u00e9n estuvo seis meses en Rusia.<\/p>\n<p>Indic\u00f3 que, para la fase final, llega este domingo un seleccionado de Cuba, para un intercambio amistoso previo a los juegos.<\/p>\n<p>Mientras, el presidente del COD exhort\u00f3 a los atletas de lucha a seguir trabajando y continuar con la responsabilidad en la preparaci\u00f3n, al tiempo de resaltar la entrega y dedicaci\u00f3n.<\/p>\n<p>\u201cUstedes tienen la experiencia en este tipo de eventos\u201d, agreg\u00f3 Mej\u00eda.<\/p>\n<p>El Jefe de Misi\u00f2n, Garibaldy Bautista, resalt\u00f3 el apoyo que han recibido los deportistas para que logren sus prop\u00f3sitos.<\/p>\n<p>Los entrenamientos est\u00e1n dirigidos por los entrenadores Elio Garraway, Alexis Camu\u00e8 Moya y Enrique Minier.<\/p>\n<p>El estilo greco est\u00e1 encabezado por el veterano Jos\u00e9 Arias Paredes en los 97 kilos, Hansel Gonz\u00e1lez, en 60 kilos; Luis Alfredo de Le\u00f3n, en 67 kilos; Johan Batista, en 77 kilos; Carlos Alberto Adames, en 87 kilos, y Leo Dalis Santana, en 130 kilos.<\/p>\n<p>El estilo libre lo conforman Juan Rubelin Ram\u00edrez, en los 57 kilos; Alvarado Rudesindo Camacho, en los 65 kilos; Julio Rodr\u00edguez, en 74 kilos, y Luis Miguel P\u00e9rez Sosa, en 97 kilos.<\/p>\n","protected":false},"excerpt":{"rendered":"<p>Directivos ol\u00edmpicos giraron una visita a los entrenamientos de lucha este viernes en el Pabell\u00f3n de ese deporte en el Centro Ol\u00edmpico.<\/p>\n","protected":false},"author":13,"featured_media":57779,"comment_status":"closed","ping_status":"closed","sticky":false,"template":"","format":"standard","meta":[],"categories":[2,60],"tags":[],"acf":[],"_links":{"self":[{"href":"https:\/\/colimdo.org\/wp-api\/wp\/v2\/posts\/57778"}],"collection":[{"href":"https:\/\/colimdo.org\/wp-api\/wp\/v2\/posts"}],"about":[{"href":"https:\/\/colimdo.org\/wp-api\/wp\/v2\/types\/post"}],"author":[{"embeddable":true,"href":"https:\/\/colimdo.org\/wp-api\/wp\/v2\/users\/13"}],"replies":[{"embeddable":true,"href":"https:\/\/colimdo.org\/wp-api\/wp\/v2\/comments?post=57778"}],"version-history":[{"count":1,"href":"https:\/\/colimdo.org\/wp-api\/wp\/v2\/posts\/57778\/revisions"}],"predecessor-version":[{"id":57780,"href":"https:\/\/colimdo.org\/wp-api\/wp\/v2\/posts\/57778\/revisions\/57780"}],"wp:featuredmedia":[{"embeddable":true,"href":"https:\/\/colimdo.org\/wp-api\/wp\/v2\/media\/57779"}],"wp:attachment":[{"href":"https:\/\/colimdo.org\/wp-api\/wp\/v2\/media?parent=57778"}],"wp:term":[{"taxonomy":"category","embeddable":true,"href":"https:\/\/colimdo.org\/wp-api\/wp\/v2\/categories?post=57778"},{"taxonomy":"post_tag","embeddable":true,"href":"https:\/\/colimdo.org\/wp-api\/wp\/v2\/tags?post=57778"}],"curies":[{"name":"wp","href":"https:\/\/api.w.org\/{rel}","templated":true}]}}