{"id":57785,"date":"2019-07-13T00:22:08","date_gmt":"2019-07-13T00:22:08","guid":{"rendered":"https:\/\/colimdo.org\/?p=57785"},"modified":"2019-07-13T00:22:24","modified_gmt":"2019-07-13T00:22:24","slug":"inefi-clausura-campamento-lleno-diversion-aprendizaje","status":"publish","type":"post","link":"https:\/\/colimdo.org\/noticias\/inefi-clausura-campamento-lleno-diversion-aprendizaje\/","title":{"rendered":"INEFI clausura campamento lleno de diversi\u00f3n y aprendizaje"},"content":{"rendered":"<p>SANTO DOMINGO.- En un ambiente de sano esparcimiento familiar, m\u00e1s de mil ni\u00f1os en edades comprendidas entre los 5 y 12 a\u00f1os participaron desde el pasado lunes en la s\u00e9ptima versi\u00f3n del Campamento Divertido Institucional INEFI 2019, organizado por el Instituto Nacional de Educaci\u00f3n F\u00edsica en las instalaciones del Parque del Este.<\/p>\n<p>El campamento finaliz\u00f3 este viernes donde los ni\u00f1os debieron realizar una presentaci\u00f3n art\u00edstica que fueron preparando en el transcurso de la semana y luego disfrutaron de un ba\u00f1o a \u201cmanguerazo\u201d por parte del cuerpo de Bomberos de Santo Domingo Este.<\/p>\n<p>Los infantes recibieron conocimientos para las pr\u00e1cticas de baloncesto, voleibol, beisbol, ajedrez y otros m\u00e1s, con las ense\u00f1anzas de un destacado cuerpo de instructores y t\u00e9cnicos docentes de educaci\u00f3n f\u00edsica, bajo la coordinaci\u00f3n de Runsy Arn\u00f3.<\/p>\n<p>El<span style=\"font-style: inherit; font-weight: inherit;\">\u00a0tradicional<\/span>\u00a0campamento es parte de la motivaci\u00f3n que da INEFI a los ni\u00f1os en el tiempo de vacaciones, para que puedan disfrutarlas de una manera sana y divertida.<\/p>\n<p>Este jueves, el ministro de Educaci\u00f3n, Antonio Pe\u00f1a Mirabal, y el director ejecutivo del INEFI, Jorge Minaya, recorrieron las instalaciones y compartieron con los ni\u00f1os.<\/p>\n<p>Pe\u00f1a Mirabal lleg\u00f3 al campamento antes de las 8:00 de la ma\u00f1ana y fue recibido por Minaya, as\u00ed como por el subdirector general del INEFI, Nelson Acevedo, quienes le mostraron las \u00e1reas de esparcimiento que fueron preparadas para el deleite de los ni\u00f1os.<\/p>\n<p>Los peque\u00f1os fueron saludados por el titular de la cartera educativa, quien pudo constatar la felicidad que rein\u00f3 en el lugar por la gran variedad de actividades y de entretenimientos.<\/p>\n<p>En el campamento participaron los hijos de los empleados del INEFI, la familia educativa perteneciente al Ministerio de Educaci\u00f3n (MINERD), entre otros ni\u00f1os, quienes disfrutan de diversas actividades recreativas, deportivas, art\u00edsticas y culturales.<\/p>\n<p>Adem\u00e1s, durante el campamento a los ni\u00f1os se les reforz\u00f3 los valores de solidaridad, honestidad, responsabilidad y tolerancia, entre otros.<\/p>\n<p>Tambi\u00e9n se les ense\u00f1\u00f3 manualidades, bailes, as\u00ed como charlas de distintos temas de importancia de acuerdo a sus edades, a cargo de un grupo de t\u00e9cnicos especializados en esta \u00e1rea.<\/p>\n<p>Cada jornada abarc\u00f3 horarios de ocho de la ma\u00f1ana a cuatro de la tarde, donde los participantes disfrutaron de deportes, alimentaci\u00f3n (desayuno, almuerzo y meriendas en base a una dieta balanceada) y otras actividades.<\/p>\n<p>Luego de jornada matutina del mi\u00e9rcoles, los ni\u00f1os fueron trasladados en modernos y c\u00f3modos autobuses del Parque del Este al divertido Museo Infantil Trampol\u00edn.<\/p>\n<p>Mientras la tarde del jueves, personal de la empresa Colgate imparti\u00f3 una charla sobre el cuidado para la higiene bucal y obsequi\u00f3 kits con sus productos a los asistentes.<\/p>\n","protected":false},"excerpt":{"rendered":"<p>La s\u00e9ptima versi\u00f3n del Campamento Divertido Institucional INEFI 2019 reuni\u00f3 por varios d\u00edas a m\u00e1s de mil infantes en el Parque del Este.<\/p>\n","protected":false},"author":13,"featured_media":57786,"comment_status":"closed","ping_status":"closed","sticky":false,"template":"","format":"standard","meta":[],"categories":[2,60],"tags":[],"acf":[],"_links":{"self":[{"href":"https:\/\/colimdo.org\/wp-api\/wp\/v2\/posts\/57785"}],"collection":[{"href":"https:\/\/colimdo.org\/wp-api\/wp\/v2\/posts"}],"about":[{"href":"https:\/\/colimdo.org\/wp-api\/wp\/v2\/types\/post"}],"author":[{"embeddable":true,"href":"https:\/\/colimdo.org\/wp-api\/wp\/v2\/users\/13"}],"replies":[{"embeddable":true,"href":"https:\/\/colimdo.org\/wp-api\/wp\/v2\/comments?post=57785"}],"version-history":[{"count":1,"href":"https:\/\/colimdo.org\/wp-api\/wp\/v2\/posts\/57785\/revisions"}],"predecessor-version":[{"id":57787,"href":"https:\/\/colimdo.org\/wp-api\/wp\/v2\/posts\/57785\/revisions\/57787"}],"wp:featuredmedia":[{"embeddable":true,"href":"https:\/\/colimdo.org\/wp-api\/wp\/v2\/media\/57786"}],"wp:attachment":[{"href":"https:\/\/colimdo.org\/wp-api\/wp\/v2\/media?parent=57785"}],"wp:term":[{"taxonomy":"category","embeddable":true,"href":"https:\/\/colimdo.org\/wp-api\/wp\/v2\/categories?post=57785"},{"taxonomy":"post_tag","embeddable":true,"href":"https:\/\/colimdo.org\/wp-api\/wp\/v2\/tags?post=57785"}],"curies":[{"name":"wp","href":"https:\/\/api.w.org\/{rel}","templated":true}]}}