{"id":57813,"date":"2019-07-13T03:50:58","date_gmt":"2019-07-13T03:50:58","guid":{"rendered":"https:\/\/colimdo.org\/?p=57813"},"modified":"2019-07-13T03:50:58","modified_gmt":"2019-07-13T03:50:58","slug":"wilfredo-soriano-resalta-juegos-nacionales-sean-celebrados-verano","status":"publish","type":"post","link":"https:\/\/colimdo.org\/noticias\/wilfredo-soriano-resalta-juegos-nacionales-sean-celebrados-verano\/","title":{"rendered":"Wilfredo Soriano resalta Juegos Nacionales sean celebrados en verano"},"content":{"rendered":"<p>EL NUEVO DIARIO, NUEVA YORK, EE.UU.- Los Juegos Deportivos Nacionales,\u00a0 en su versi\u00f3n n\u00famero XV que ser\u00e1n montados en el\u00a0 verano del a\u00f1o 2020, tendr\u00e1n un \u201cgran impacto\u201d en favor del deporte de Rep\u00fablica Dominicana.<\/p>\n<p>La opini\u00f3n figura en un documento enviado a los medios noticiosos de Rep\u00fablica Dominicana por\u00a0 Wilfredo -Felinchy- Soriano, director del Ministerio de Deportes y Recreaci\u00f3n (MIDEREC)\u00a0 en Estados Unidos.<\/p>\n<p>Se\u00f1ala Felinchy Soriano que \u201cestoy muy contento, pero tambi\u00e9n soy\u00a0 agradecido porque tomaron en cuenta una petici\u00f3n que hab\u00eda hecho para que los Juegos\u00a0 Deportivos Nacionales sean\u00a0 celebrados en una fecha donde los atletas de la Sexta Zona (USA) est\u00e9n en vacaciones\u201d.<\/p>\n<p>El ministro de Deportes, Danilo D\u00edaz, ya confirm\u00f3 -de manera oficial- que el certamen atl\u00e9tico dominicano se realizar\u00e1n del 2 al 11 de julio del pr\u00f3ximo a\u00f1o con la participaci\u00f3n\u00a0 de miles deportistas\u00a0 incluidos los residentes en Estados Unidos etiquetados como atletas de la Sexta Zona.<\/p>\n<p>\u201cReitero -precis\u00f3 Soriano- que aqu\u00ed en Nueva York nos sentimos satisfechos y muy alegres porque los venideros Juegos\u00a0 Nacionales se van a celebrar en el verano del 2020. De seguro que van a ser unos juegos exitosos y masivos\u201d.<\/p>\n<p>En el documento Soriano hace hincapi\u00e9 en la participaci\u00f3n de los atletas criollos que residen en\u00a0 Estados Unidos..y se\u00f1ala que \u201cvamos a tener la participaci\u00f3n de\u00a0 crema innata de los atletas\u00a0 de ascendencia dominicana que est\u00e1n estudiando en las escuelas y universidades de ese pa\u00eds\u201d.<\/p>\n<p>Y agrega: \u201cDesde ya nos estamos preparando con las asociaciones y dirigentes deportivos de aqu\u00ed para buscar y llevar lo mejor del m\u00e1s alto talento dominicano que tiene Estados Unidos\u201d.<\/p>\n<p>La Sexta Zona: Con m\u00e1s esfuerzo<\/p>\n<p>Asimismo, explica que a pesar de que la delegaci\u00f3n de la Sexta Zona fue limitado en los pasados Juegos Nacionales, edici\u00f3n XIV,\u00a0 ya que se desarrollaron en plena\u00a0 fecha de ex\u00e1menes (del 5 al 16) de diciembre 2018). Y\u00a0 exactamente en pura fecha de ex\u00e1menes fue la zona del exterior que m\u00e1s medallas gan\u00f3\u201d.<\/p>\n<p>Soriano agradeci\u00f3 la receptividad que tuvo el ministro e Deportes a la solicitud para que la justa deportiva sea montada en a referida fecha,\u00a0 del verano del pr\u00f3ximo a\u00f1o.<\/p>\n<p>Dice igualmente que los atletas de la Sexta Zona redoblar\u00e1n sus esfuerzos -motivados por los dirigentes de las diferentes asociaciones,\u00a0 t\u00e9cnicos y entrenadores\u00a0 tones- para que en los XV Juego Deportivos\u00a0 Nacionales del 2020 su participaci\u00f3n sea \u201clo m\u00e1s exitosa posible\u201d.<\/p>\n","protected":false},"excerpt":{"rendered":"<p>Los Juegos Deportivos Nacionales,\u00a0 en su versi\u00f3n n\u00famero XV que ser\u00e1n montados en el\u00a0 verano del a\u00f1o 2020, tendr\u00e1n un \u201cgran impacto\u201d en favor del deporte de Rep\u00fablica Dominicana.<\/p>\n","protected":false},"author":19,"featured_media":57814,"comment_status":"closed","ping_status":"closed","sticky":false,"template":"","format":"standard","meta":[],"categories":[2,60],"tags":[],"acf":[],"_links":{"self":[{"href":"https:\/\/colimdo.org\/wp-api\/wp\/v2\/posts\/57813"}],"collection":[{"href":"https:\/\/colimdo.org\/wp-api\/wp\/v2\/posts"}],"about":[{"href":"https:\/\/colimdo.org\/wp-api\/wp\/v2\/types\/post"}],"author":[{"embeddable":true,"href":"https:\/\/colimdo.org\/wp-api\/wp\/v2\/users\/19"}],"replies":[{"embeddable":true,"href":"https:\/\/colimdo.org\/wp-api\/wp\/v2\/comments?post=57813"}],"version-history":[{"count":2,"href":"https:\/\/colimdo.org\/wp-api\/wp\/v2\/posts\/57813\/revisions"}],"predecessor-version":[{"id":57816,"href":"https:\/\/colimdo.org\/wp-api\/wp\/v2\/posts\/57813\/revisions\/57816"}],"wp:featuredmedia":[{"embeddable":true,"href":"https:\/\/colimdo.org\/wp-api\/wp\/v2\/media\/57814"}],"wp:attachment":[{"href":"https:\/\/colimdo.org\/wp-api\/wp\/v2\/media?parent=57813"}],"wp:term":[{"taxonomy":"category","embeddable":true,"href":"https:\/\/colimdo.org\/wp-api\/wp\/v2\/categories?post=57813"},{"taxonomy":"post_tag","embeddable":true,"href":"https:\/\/colimdo.org\/wp-api\/wp\/v2\/tags?post=57813"}],"curies":[{"name":"wp","href":"https:\/\/api.w.org\/{rel}","templated":true}]}}