{"id":57828,"date":"2019-07-13T17:32:43","date_gmt":"2019-07-13T17:32:43","guid":{"rendered":"https:\/\/colimdo.org\/?p=57828"},"modified":"2019-07-13T17:32:43","modified_gmt":"2019-07-13T17:32:43","slug":"nike-impide-lebron-james-cambie-numero-23","status":"publish","type":"post","link":"https:\/\/colimdo.org\/noticias\/nike-impide-lebron-james-cambie-numero-23\/","title":{"rendered":"Nike impide que LeBron James cambie su n\u00famero 23"},"content":{"rendered":"<p>NBAMANIACS.-\u00a0Hace dos semanas varios medios apuntaron a que LeBron James ten\u00eda intenci\u00f3n de dejar el dorsal n\u00famero 23 de su camiseta a Anthony Davis \u2014n\u00famero utilizado por Davis durante toda su carrera en New Orleans\u2014 y \u00e9l cambiarse al n\u00famero 6. Un tuit del propio LeBron con el n\u00famero 6 poco menos que ven\u00eda confirmar este extremo. Pero el plan no va salir como ambos jugadores esperaban.<\/p>\n<p>Seg\u00fan ha adelantado Yahoo Sports, James no podr\u00e1 cambiar el 23 por el 6 o cualquier otro n\u00famero ya que choca con los planes de Nike, la compa\u00f1\u00eda deportiva que fabrica las camisetas y tambi\u00e9n patrocina al jugador. James salv\u00f3 un primer obst\u00e1culo cuando la NBA inform\u00f3 a los Lakers que permit\u00eda realizar el cambio pese a que la fecha l\u00edmite para informar de modificaciones (15 de marzo) hab\u00eda pasado en m\u00e1s de tres meses, con la condici\u00f3n de que Nike diera el visto bueno a la franquicia californiana.<\/p>\n<p>Pero en Nike pusieron freno a las ideas de LeBron y los Lakers. Debido a lo avanzado del a\u00f1o, no estaban conformes con la idea de cambiar de n\u00famero. Debido a las fechas actuales y al impacto econ\u00f3mico que Nike tendr\u00eda que absorber por la cantidad de camisetas de LeBron James ya fabricadas con el 23, la compa\u00f1\u00eda de Oregon dijo no y la idea ha muerto. Al menos durante 2019.<\/p>\n<p>No est\u00e1 claro si James querr\u00e1 cambiar de dorsal de cara a la temporada 2020-21, la que podr\u00eda ser la \u00faltima de su carrera en los Lakers si decidiese salir al mercado como agente libre. Como tampoco lo est\u00e1 si Davis tendr\u00e1 inter\u00e9s en usar un n\u00famero en su nuevo equipo durante su primera campa\u00f1a para cambiar 12 meses despu\u00e9s si es que opta por seguir en los Lakers ya que Davis tambi\u00e9n puede convertirse en agente libre en julio de 2020.<\/p>\n<p>Davis ser\u00e1 presentado este s\u00e1bado en Los Angeles y se espera que los Lakers anuncien de manera oficial el n\u00famero que va a utilizar el ala-p\u00edvot una vez que arranque el curso en octubre.<\/p>\n<p>Entra en el terreno de la especulaci\u00f3n, pero es probable que estos planes frustrados puedan afectar a las ventas de camisetas de James y Davis con los Lakers, por lo que si las tres partes descartan un cambio futuro puede que lo anuncien de alguna forma para que los aficionados no teman comprar una camiseta que pueda quedar desfasada en poco tiempo.<\/p>\n<p>La camiseta oficial de LeBron James puede comprarse desde la NBA Store oficial de NBA Europa.<\/p>\n","protected":false},"excerpt":{"rendered":"<p>No est\u00e1 claro si James querr\u00e1 cambiar de dorsal de cara a la temporada 2020-21, la que podr\u00eda ser la \u00faltima de su carrera en los Lakers si decidiese salir al mercado como agente libre<\/p>\n","protected":false},"author":19,"featured_media":57829,"comment_status":"closed","ping_status":"closed","sticky":false,"template":"","format":"standard","meta":[],"categories":[2,60],"tags":[],"acf":[],"_links":{"self":[{"href":"https:\/\/colimdo.org\/wp-api\/wp\/v2\/posts\/57828"}],"collection":[{"href":"https:\/\/colimdo.org\/wp-api\/wp\/v2\/posts"}],"about":[{"href":"https:\/\/colimdo.org\/wp-api\/wp\/v2\/types\/post"}],"author":[{"embeddable":true,"href":"https:\/\/colimdo.org\/wp-api\/wp\/v2\/users\/19"}],"replies":[{"embeddable":true,"href":"https:\/\/colimdo.org\/wp-api\/wp\/v2\/comments?post=57828"}],"version-history":[{"count":1,"href":"https:\/\/colimdo.org\/wp-api\/wp\/v2\/posts\/57828\/revisions"}],"predecessor-version":[{"id":57830,"href":"https:\/\/colimdo.org\/wp-api\/wp\/v2\/posts\/57828\/revisions\/57830"}],"wp:featuredmedia":[{"embeddable":true,"href":"https:\/\/colimdo.org\/wp-api\/wp\/v2\/media\/57829"}],"wp:attachment":[{"href":"https:\/\/colimdo.org\/wp-api\/wp\/v2\/media?parent=57828"}],"wp:term":[{"taxonomy":"category","embeddable":true,"href":"https:\/\/colimdo.org\/wp-api\/wp\/v2\/categories?post=57828"},{"taxonomy":"post_tag","embeddable":true,"href":"https:\/\/colimdo.org\/wp-api\/wp\/v2\/tags?post=57828"}],"curies":[{"name":"wp","href":"https:\/\/api.w.org\/{rel}","templated":true}]}}