{"id":57831,"date":"2019-07-13T17:39:59","date_gmt":"2019-07-13T17:39:59","guid":{"rendered":"https:\/\/colimdo.org\/?p=57831"},"modified":"2019-07-13T17:39:59","modified_gmt":"2019-07-13T17:39:59","slug":"antorcha-panam-recibio-calurosa-bienvenida-la-ciudad-los-leones","status":"publish","type":"post","link":"https:\/\/colimdo.org\/noticias\/antorcha-panam-recibio-calurosa-bienvenida-la-ciudad-los-leones\/","title":{"rendered":"Antorcha Panam recibi\u00f3 calurosa bienvenida en la Ciudad de los Leones"},"content":{"rendered":"<p>LIMA2019.- Es hasta el momento, la ciudad con m\u00e1s participaci\u00f3n ciudadana en el recibimiento de la Antorcha Panamericana, que cumple su octavo d\u00eda consecutivo de recorrido por el Per\u00fa.<\/p>\n<p>Un total de 7 kil\u00f3metros fue la distancia recorrida por los 40 portadores elegidos para llevar la tea con la Llama que nos ilumina a todos, por las principales calles y avenidas de Hu\u00e1nuco. El punto de partida fue en los exteriores del Estadio Heraclio Tapia y se pase\u00f3 por la Universidad Nacional Hermilio Valdiz\u00e1n, el puente Calicanto y el r\u00edo Huallaga, para culminar en la Plaza de Armas huanuque\u00f1a.<\/p>\n<p>Destac\u00f3 la participaci\u00f3n de Judith Toribio Lavado, destacada ex fondista y una de las m\u00e1s exitosas deportistas de Hu\u00e1nuco, quien fue vitoreada y ovacionada por los ciudadanos en el puente Calicanto.<\/p>\n<p>Tambi\u00e9n particip\u00f3 Francisco Pardav\u00e9 Meneses, bombero voluntario y \u00faltimo portador de la antorcha. \u00c9l tuvo el honor de encender el pebetero en la Plaza de Armas y, con ello, fue el que protagoniz\u00f3 el gran fin de fiesta de este recorrido, que cont\u00f3 adem\u00e1s con la presencia de las diversas autoridades locales.<\/p>\n<p>La llegada de la antorcha a la ciudad de Lima est\u00e1 prevista para el d\u00eda 26 de julio; mientras tanto, continuar\u00e1 su recorrido por el Per\u00fa.<\/p>\n","protected":false},"excerpt":{"rendered":"<p>Es hasta el momento, la ciudad con m\u00e1s participaci\u00f3n ciudadana en el recibimiento de la Antorcha Panamericana, que cumple su octavo d\u00eda consecutivo de recorrido por el Per\u00fa.<\/p>\n","protected":false},"author":19,"featured_media":57832,"comment_status":"closed","ping_status":"closed","sticky":false,"template":"","format":"standard","meta":[],"categories":[2,60],"tags":[],"acf":[],"_links":{"self":[{"href":"https:\/\/colimdo.org\/wp-api\/wp\/v2\/posts\/57831"}],"collection":[{"href":"https:\/\/colimdo.org\/wp-api\/wp\/v2\/posts"}],"about":[{"href":"https:\/\/colimdo.org\/wp-api\/wp\/v2\/types\/post"}],"author":[{"embeddable":true,"href":"https:\/\/colimdo.org\/wp-api\/wp\/v2\/users\/19"}],"replies":[{"embeddable":true,"href":"https:\/\/colimdo.org\/wp-api\/wp\/v2\/comments?post=57831"}],"version-history":[{"count":1,"href":"https:\/\/colimdo.org\/wp-api\/wp\/v2\/posts\/57831\/revisions"}],"predecessor-version":[{"id":57833,"href":"https:\/\/colimdo.org\/wp-api\/wp\/v2\/posts\/57831\/revisions\/57833"}],"wp:featuredmedia":[{"embeddable":true,"href":"https:\/\/colimdo.org\/wp-api\/wp\/v2\/media\/57832"}],"wp:attachment":[{"href":"https:\/\/colimdo.org\/wp-api\/wp\/v2\/media?parent=57831"}],"wp:term":[{"taxonomy":"category","embeddable":true,"href":"https:\/\/colimdo.org\/wp-api\/wp\/v2\/categories?post=57831"},{"taxonomy":"post_tag","embeddable":true,"href":"https:\/\/colimdo.org\/wp-api\/wp\/v2\/tags?post=57831"}],"curies":[{"name":"wp","href":"https:\/\/api.w.org\/{rel}","templated":true}]}}