{"id":57834,"date":"2019-07-13T17:46:53","date_gmt":"2019-07-13T17:46:53","guid":{"rendered":"https:\/\/colimdo.org\/?p=57834"},"modified":"2019-07-13T17:46:53","modified_gmt":"2019-07-13T17:46:53","slug":"abogado-griezmann-cree-atletico-actua-mala-fe","status":"publish","type":"post","link":"https:\/\/colimdo.org\/noticias\/abogado-griezmann-cree-atletico-actua-mala-fe\/","title":{"rendered":"El abogado de Griezmann cree que el Atl\u00e9tico act\u00faa &#8220;con mala fe&#8221;"},"content":{"rendered":"<p class=\"canvas-atom canvas-text Mb(1.0em) Mb(0)--sm Mt(0.8em)--sm\">Par\u00eds, 13 jul (EFE).- El abogado del franc\u00e9s Antoine Griezmann, Sevan Karian, mostr\u00f3 este s\u00e1bado su malestar por la forma en la que el Atl\u00e9tico de Madrid se ha comportado tras el fichaje del jugador por el Barcelona, y consider\u00f3 que la c\u00fapula del club est\u00e1 actuando &#8220;con mala fe&#8221;.<\/p>\n<p class=\"canvas-atom canvas-text Mb(1.0em) Mb(0)--sm Mt(0.8em)--sm\">&#8220;Antoine evidentemente est\u00e1 muy decepcionado por la actitud del Atl\u00e9tico de Madrid y de sus dirigentes, que han demostrado una mala fe alucinante en este caso y dicen en p\u00fablico lo contrario de lo que le dijeron en privado&#8221;, indic\u00f3 en el diario &#8220;L&#8217;\u00c9quipe&#8221;.<\/p>\n<p class=\"canvas-atom canvas-text Mb(1.0em) Mb(0)--sm Mt(0.8em)--sm\">El Barcelona anunci\u00f3 este viernes el fichaje por cinco cursos con el pago en la Liga de los 120 millones de euros de su cl\u00e1usula de rescisi\u00f3n actual; una cantidad &#8220;insuficiente&#8221; para el Atl\u00e9tico, que sostiene que el &#8220;compromiso&#8221; del futbolista con el club azulgrana &#8220;se cerr\u00f3 antes&#8221; de que \u00e9sta pasara de 200 a 120 millones el 1 de julio.<\/p>\n<p class=\"canvas-atom canvas-text Mb(1.0em) Mb(0)--sm Mt(0.8em)--sm\">&#8220;Que tomen sus disposiciones, nosotros haremos lo mismo si es necesario&#8221;, dijo el letrado.<\/p>\n<p class=\"canvas-atom canvas-text Mb(1.0em) Mb(0)--sm Mt(0.8em)--sm\">Karian a\u00f1adi\u00f3 que, por el momento, &#8220;lo \u00fanico importante es el nuevo cap\u00edtulo en su carrera que se est\u00e1 abriendo y que tiene la intenci\u00f3n de celebrar este fin de semana descubriendo su nueva casa&#8221;.<\/p>\n<p class=\"canvas-atom canvas-text Mb(1.0em) Mb(0)--sm Mt(0.8em)--sm\">Griezmann est\u00e1 citado este domingo por la ma\u00f1ana, como el resto futbolistas de la primera plantilla menos los internacionales que han disputado la Copa Am\u00e9rica, para pasar el preceptivo reconocimiento m\u00e9dico antes de iniciar la pretemporada.<\/p>\n<p class=\"canvas-atom canvas-text Mb(1.0em) Mb(0)--sm Mt(0.8em)--sm\">Por la tarde, tendr\u00e1 una apretada agenda que empezar\u00e1 con la firma de su nuevo contrato, la sesi\u00f3n fotogr\u00e1fica en la que posar\u00e1 con su nueva camiseta y la posterior rueda de prensa de presentaci\u00f3n.<\/p>\n","protected":false},"excerpt":{"rendered":"<p>El abogado del franc\u00e9s Antoine Griezmann, Sevan Karian, mostr\u00f3 este s\u00e1bado su malestar por la forma en la que el Atl\u00e9tico de Madrid se ha comportado tras el fichaje del jugador por el Barcelona, y consider\u00f3 que la c\u00fapula del club est\u00e1 actuando &#8220;con mala fe&#8221;.<\/p>\n","protected":false},"author":19,"featured_media":57835,"comment_status":"closed","ping_status":"closed","sticky":false,"template":"","format":"standard","meta":[],"categories":[2,60],"tags":[],"acf":[],"_links":{"self":[{"href":"https:\/\/colimdo.org\/wp-api\/wp\/v2\/posts\/57834"}],"collection":[{"href":"https:\/\/colimdo.org\/wp-api\/wp\/v2\/posts"}],"about":[{"href":"https:\/\/colimdo.org\/wp-api\/wp\/v2\/types\/post"}],"author":[{"embeddable":true,"href":"https:\/\/colimdo.org\/wp-api\/wp\/v2\/users\/19"}],"replies":[{"embeddable":true,"href":"https:\/\/colimdo.org\/wp-api\/wp\/v2\/comments?post=57834"}],"version-history":[{"count":1,"href":"https:\/\/colimdo.org\/wp-api\/wp\/v2\/posts\/57834\/revisions"}],"predecessor-version":[{"id":57836,"href":"https:\/\/colimdo.org\/wp-api\/wp\/v2\/posts\/57834\/revisions\/57836"}],"wp:featuredmedia":[{"embeddable":true,"href":"https:\/\/colimdo.org\/wp-api\/wp\/v2\/media\/57835"}],"wp:attachment":[{"href":"https:\/\/colimdo.org\/wp-api\/wp\/v2\/media?parent=57834"}],"wp:term":[{"taxonomy":"category","embeddable":true,"href":"https:\/\/colimdo.org\/wp-api\/wp\/v2\/categories?post=57834"},{"taxonomy":"post_tag","embeddable":true,"href":"https:\/\/colimdo.org\/wp-api\/wp\/v2\/tags?post=57834"}],"curies":[{"name":"wp","href":"https:\/\/api.w.org\/{rel}","templated":true}]}}