{"id":57845,"date":"2019-07-13T18:56:22","date_gmt":"2019-07-13T18:56:22","guid":{"rendered":"https:\/\/colimdo.org\/?p=57845"},"modified":"2019-07-13T18:56:22","modified_gmt":"2019-07-13T18:56:22","slug":"delegacion-boxeo-lista-entrar-al-medallero","status":"publish","type":"post","link":"https:\/\/colimdo.org\/noticias\/delegacion-boxeo-lista-entrar-al-medallero\/","title":{"rendered":"Delegaci\u00f3n de Boxeo, lista para entrar al medallero"},"content":{"rendered":"<p>SANTO DOMINGO JORGE LUIS TORRES.- El pasado martes el Comit\u00e9 Ol\u00edmpico Dominicano realiz\u00f3 un encuentro con las diferentes selecciones que est\u00e1n en su base de entrenamientos fuera del pa\u00eds y los miembros de la prensa dominicana.<\/p>\n<p>La delegaci\u00f3n de Boxeo fue una de las contactadas en dicha actividad, los mismos se encontraban en Bogot\u00e1, Colombia, agotando su proceso de pruebas de cara a los Juegos Panamericanos que tendr\u00e1n lugar en Lima, del 26 de julio hasta el 11 de agosto.<\/p>\n<p>El entrenador de dicha delegaci\u00f3n Elvis M\u00e9ndez, se comunic\u00f3 con la prensa dominicana poco despu\u00e9s del mediod\u00eda y manifest\u00f3 qu\u00e9: \u201cTodo est\u00e1 bien y listo, hasta ahora estamos cumpliendo con los entrenamientos planificados. Los muchachos se encuentran bien y en salud\u201d.<\/p>\n<p>Los entrenamientos en Colombia con miras a los Juegos Panamericanos 2019 culminaron el d\u00eda de ayer.<\/p>\n<p>El seleccionado asegura que la competencia en Lima estar\u00e1 pareja pero que sus entrenamientos y preparaci\u00f3n son precisamente para competir por el medallero.<\/p>\n<p>\u201cEstamos haciendo una gran preparaci\u00f3n con nuestros atletas, el equipo est\u00e1 listo para ocupar un puesto en el medallero\u201d, dijo el encargado de los entrenamientos de la delegaci\u00f3n nacional de Boxeo, Elvis M\u00e9ndez.<\/p>\n<p>Sin embargo, el pugilista Leonel de los Santos informa su estado emocional luego del lamentado acontecimiento sucedido en su vivienda.<\/p>\n<p>\u201cEstamos positivos. Gracias a Dios a mi familia no le pas\u00f3 nada, estaba preocupado porque se trataba de mi hogar pero gracias a Dios no pas\u00f3 m\u00e1s nada y estoy positivo. Vamos por mucho m\u00e1s\u201d, agreg\u00f3 Leonel quien sufri\u00f3 de un incendio en su hogar.<\/p>\n<p>Dentro de las cosas a mejorar que mencionaron los pugilistas est\u00e1n; seguir trabajando en una figura principal, tener encuentros con diferentes delegaciones fuera y dentro del \u00e1rea para que los boxeadores tengan una mejor idea de lo que es eventos de alto nivel.<\/p>\n<p>&nbsp;<\/p>\n","protected":false},"excerpt":{"rendered":"<p>La delegaci\u00f3n de Boxeo fue una de las contactadas en dicha actividad, los mismos se encontraban en Bogot\u00e1, Colombia, agotando su proceso de pruebas de cara a los Juegos Panamericanos que tendr\u00e1n lugar en Lima, del 26 de julio hasta el 11 de agosto.<\/p>\n","protected":false},"author":19,"featured_media":57846,"comment_status":"closed","ping_status":"closed","sticky":false,"template":"","format":"standard","meta":[],"categories":[2,60],"tags":[],"acf":[],"_links":{"self":[{"href":"https:\/\/colimdo.org\/wp-api\/wp\/v2\/posts\/57845"}],"collection":[{"href":"https:\/\/colimdo.org\/wp-api\/wp\/v2\/posts"}],"about":[{"href":"https:\/\/colimdo.org\/wp-api\/wp\/v2\/types\/post"}],"author":[{"embeddable":true,"href":"https:\/\/colimdo.org\/wp-api\/wp\/v2\/users\/19"}],"replies":[{"embeddable":true,"href":"https:\/\/colimdo.org\/wp-api\/wp\/v2\/comments?post=57845"}],"version-history":[{"count":1,"href":"https:\/\/colimdo.org\/wp-api\/wp\/v2\/posts\/57845\/revisions"}],"predecessor-version":[{"id":57847,"href":"https:\/\/colimdo.org\/wp-api\/wp\/v2\/posts\/57845\/revisions\/57847"}],"wp:featuredmedia":[{"embeddable":true,"href":"https:\/\/colimdo.org\/wp-api\/wp\/v2\/media\/57846"}],"wp:attachment":[{"href":"https:\/\/colimdo.org\/wp-api\/wp\/v2\/media?parent=57845"}],"wp:term":[{"taxonomy":"category","embeddable":true,"href":"https:\/\/colimdo.org\/wp-api\/wp\/v2\/categories?post=57845"},{"taxonomy":"post_tag","embeddable":true,"href":"https:\/\/colimdo.org\/wp-api\/wp\/v2\/tags?post=57845"}],"curies":[{"name":"wp","href":"https:\/\/api.w.org\/{rel}","templated":true}]}}