{"id":57858,"date":"2019-07-14T00:08:53","date_gmt":"2019-07-14T00:08:53","guid":{"rendered":"https:\/\/colimdo.org\/?p=57858"},"modified":"2019-07-14T00:08:53","modified_gmt":"2019-07-14T00:08:53","slug":"exaltaran-13-figuras-ilustres-ceremonial-templo-fama-moca","status":"publish","type":"post","link":"https:\/\/colimdo.org\/noticias\/exaltaran-13-figuras-ilustres-ceremonial-templo-fama-moca\/","title":{"rendered":"Exaltar\u00e1n 13 figuras ilustres en ceremonial templo fama de Moca"},"content":{"rendered":"<p>MOCA.-\u00a0El Templo de la Fama de la Provincia Espaillat exaltar\u00e1 a la inmortalidad a 13 de sus figuras prestantes que han cumplido roles estelares en la defensa de la patria, el magisterio, la m\u00fasica, la pintura, los deportes, la cultura y la ciencia.<\/p>\n<p>As\u00ed lo inform\u00f3 el presidente del Templo, Senador Jos\u00e9 Rafael Vargas, quien se\u00f1al\u00f3 que los exaltados ser\u00e1n 35 j\u00f3venes que en Julio del 1899 ajusticiaron al tirano Ulises Heureaux; el renombrado m\u00fasico y director de la orquesta Santa Cecilia, Gregorio Rivas-Goyo.<\/p>\n<p>El consagrado pintor Hugo Mata; el reputado m\u00e9dico Fernando Rojas y los ilustres maestros, Juana Ventura Abreu Cont\u00edn, Juana Mercedes Mu\u00f1oz, Nuris Alicia Ondina Santos Jorge y Eduvigis Esperanza Hern\u00e1ndez Espaillat.<\/p>\n<p>Asimismo, los atletas medallistas Carlos Mar\u00eda Rodr\u00edguez (Cal\u00edn), Oscar \u00c1lvarez, Jos\u00e9 Leonte L\u00f3pez L\u00f3pez (Pop\u00f3n), Francisco Garc\u00eda Moncl\u00fas (Pepe Moncl\u00fas), y Jos\u00e9 Miguel Pereyra.<\/p>\n","protected":false},"excerpt":{"rendered":"<p>La ceremonia ser\u00e1 el domingo 21 a las 9:30 AM., en el Teatro Don Bosco de Moca<\/p>\n","protected":false},"author":19,"featured_media":57859,"comment_status":"closed","ping_status":"closed","sticky":false,"template":"","format":"standard","meta":[],"categories":[2,60],"tags":[],"acf":[],"_links":{"self":[{"href":"https:\/\/colimdo.org\/wp-api\/wp\/v2\/posts\/57858"}],"collection":[{"href":"https:\/\/colimdo.org\/wp-api\/wp\/v2\/posts"}],"about":[{"href":"https:\/\/colimdo.org\/wp-api\/wp\/v2\/types\/post"}],"author":[{"embeddable":true,"href":"https:\/\/colimdo.org\/wp-api\/wp\/v2\/users\/19"}],"replies":[{"embeddable":true,"href":"https:\/\/colimdo.org\/wp-api\/wp\/v2\/comments?post=57858"}],"version-history":[{"count":1,"href":"https:\/\/colimdo.org\/wp-api\/wp\/v2\/posts\/57858\/revisions"}],"predecessor-version":[{"id":57860,"href":"https:\/\/colimdo.org\/wp-api\/wp\/v2\/posts\/57858\/revisions\/57860"}],"wp:featuredmedia":[{"embeddable":true,"href":"https:\/\/colimdo.org\/wp-api\/wp\/v2\/media\/57859"}],"wp:attachment":[{"href":"https:\/\/colimdo.org\/wp-api\/wp\/v2\/media?parent=57858"}],"wp:term":[{"taxonomy":"category","embeddable":true,"href":"https:\/\/colimdo.org\/wp-api\/wp\/v2\/categories?post=57858"},{"taxonomy":"post_tag","embeddable":true,"href":"https:\/\/colimdo.org\/wp-api\/wp\/v2\/tags?post=57858"}],"curies":[{"name":"wp","href":"https:\/\/api.w.org\/{rel}","templated":true}]}}