{"id":57861,"date":"2019-07-14T00:15:13","date_gmt":"2019-07-14T00:15:13","guid":{"rendered":"https:\/\/colimdo.org\/?p=57861"},"modified":"2019-07-14T00:15:13","modified_gmt":"2019-07-14T00:15:13","slug":"caballo-muere-luego-ganar-triple-corona-del-hipismo-v-centenario","status":"publish","type":"post","link":"https:\/\/colimdo.org\/noticias\/caballo-muere-luego-ganar-triple-corona-del-hipismo-v-centenario\/","title":{"rendered":"Caballo muere luego de ganar Triple Corona del hipismo en el V Centenario"},"content":{"rendered":"<p>SANTO DOMINGO.- Luego de ganar el Cl\u00e1sico Juan Pablo Duarte este s\u00e1bado en el Hip\u00f3dromo V Centenario, el caballo \u201cCadeau de Alcala\u201d se desplom\u00f3 a la arena del recinto h\u00edpico y pocos minutos despu\u00e9s falleci\u00f3.<\/p>\n<p>Con su triunfo en el cl\u00e1sico hab\u00eda conquistado las tres competencias del gran premio nacional Padres de la Patria que se corre cada a\u00f1o en el V Centenario y se hab\u00eda convertido el d\u00e9cimo quinto triplecoronado de la h\u00edpica dominicana.<\/p>\n<p>Luego de correr dos mil metros en la tercera carrera de la tarde h\u00edpica, el ejemplar regres\u00f3 al \u201censilladero\u201d para que el jinete Carlos De Le\u00f3n le quitara la silla con la que hab\u00eda participado, inmediatamente ocurri\u00f3 este formalismo el caballo cay\u00f3 a la arena, muriendo a los pocos minutos por \u201cInfarto al Miocardio\u201d, seg\u00fan inform\u00f3 su propietario Alejandro Asmar.<\/p>\n<p>\u201cDespu\u00e9s de alcanzar la victoria, de un triplecoronado, Cadue sufre un infarto al miocardio\u2026 Cadeu aqu\u00ed est\u00e1 tu trofeo\u201d, coment\u00f3 Asmar mientras levantaba el ultimo trofeo ganado por el equino.<\/p>\n<p>Cadeau de Alcala se perfil\u00f3, desde el a\u00f1o pasado, como uno de los principales ejemplares nativos y haciendo valer esa notoriedad entre los expertos gan\u00f3 el Cl\u00e1sico \u201cMat\u00edas Ram\u00f3n Mella\u201d el s\u00e1bado primero de junio a distancia de 1.700 metros.<\/p>\n<p>Tres semanas despu\u00e9s, el 22 de junio, logr\u00f3 el cl\u00e1sico \u201cFrancisco del Rosario S\u00e1nchez\u201d recorriendo 1.800 metros.<\/p>\n<p>Con el triunfo de este s\u00e1bado reafirm\u00f3 su liderazgo para representar al pa\u00eds en el Cl\u00e1sico Internacional del Caribe que est\u00e1 pautado para celebrarse en diciembre de este a\u00f1o en el Hip\u00f3dromo Gulfstream Park, en Florida, Estados Unidos.<\/p>\n<p>Adem\u00e1s de la triplecorona, el ejemplar tambi\u00e9n hab\u00eda ganado los cl\u00e1sicos \u201cCriadores\u201d en noviembre pasado y \u201cD\u00eda de Duarte\u201d en enero.<\/p>\n<p>Compil\u00f3 r\u00e9cord de ocho carreras ganadas (Cinco cl\u00e1sicos) y tres segundos lugares en 13 salidas a la pista.<\/p>\n","protected":false},"excerpt":{"rendered":"<p>Luego de ganar el Cl\u00e1sico Juan Pablo Duarte este s\u00e1bado en el Hip\u00f3dromo V Centenario, el caballo \u201cCadeau de Alcala\u201d se desplom\u00f3 a la arena del recinto h\u00edpico y pocos minutos despu\u00e9s falleci\u00f3.<\/p>\n","protected":false},"author":19,"featured_media":57862,"comment_status":"closed","ping_status":"closed","sticky":false,"template":"","format":"standard","meta":[],"categories":[2,60],"tags":[],"acf":[],"_links":{"self":[{"href":"https:\/\/colimdo.org\/wp-api\/wp\/v2\/posts\/57861"}],"collection":[{"href":"https:\/\/colimdo.org\/wp-api\/wp\/v2\/posts"}],"about":[{"href":"https:\/\/colimdo.org\/wp-api\/wp\/v2\/types\/post"}],"author":[{"embeddable":true,"href":"https:\/\/colimdo.org\/wp-api\/wp\/v2\/users\/19"}],"replies":[{"embeddable":true,"href":"https:\/\/colimdo.org\/wp-api\/wp\/v2\/comments?post=57861"}],"version-history":[{"count":1,"href":"https:\/\/colimdo.org\/wp-api\/wp\/v2\/posts\/57861\/revisions"}],"predecessor-version":[{"id":57863,"href":"https:\/\/colimdo.org\/wp-api\/wp\/v2\/posts\/57861\/revisions\/57863"}],"wp:featuredmedia":[{"embeddable":true,"href":"https:\/\/colimdo.org\/wp-api\/wp\/v2\/media\/57862"}],"wp:attachment":[{"href":"https:\/\/colimdo.org\/wp-api\/wp\/v2\/media?parent=57861"}],"wp:term":[{"taxonomy":"category","embeddable":true,"href":"https:\/\/colimdo.org\/wp-api\/wp\/v2\/categories?post=57861"},{"taxonomy":"post_tag","embeddable":true,"href":"https:\/\/colimdo.org\/wp-api\/wp\/v2\/tags?post=57861"}],"curies":[{"name":"wp","href":"https:\/\/api.w.org\/{rel}","templated":true}]}}