{"id":57864,"date":"2019-07-14T00:20:52","date_gmt":"2019-07-14T00:20:52","guid":{"rendered":"https:\/\/colimdo.org\/?p=57864"},"modified":"2019-07-14T00:20:52","modified_gmt":"2019-07-14T00:20:52","slug":"delegacion-va-los-panamericanos-lema-busca-la-cima","status":"publish","type":"post","link":"https:\/\/colimdo.org\/noticias\/delegacion-va-los-panamericanos-lema-busca-la-cima\/","title":{"rendered":"Delegaci\u00f3n va a los Panamericanos con el lema \u201cen busca de la cima\u201d"},"content":{"rendered":"<p class=\"x_ydpf2e14cdaMsoNoSpacing\"><b><span lang=\"ES-DO\">SANTO DOMINGO<\/span><\/b><span lang=\"ES-DO\">.- Con el slogan \u201cVamos a Lima en busca de la cima\u201d los integrantes de la delegaci\u00f3n dominicana fueron despedido con una gran fiesta celebrada en el Albergue Ol\u00edmpico.<\/span><\/p>\n<p class=\"x_ydpf2e14cdaMsoNoSpacing\"><span lang=\"ES-DO\">\u201cEstamos listos para ir a Lima en busca de la cima\u201d, dijo en un breve discurso Garibaldy Bautista, Jefe de Misi\u00f3n, quien estuvo acompa\u00f1ado del Ministro de Deportes, Danilo D\u00edaz; el Director del Instituto Nacional de Aguas Potable (Inapa), Horacio Mazara; el Director del Instituto Nacional de la Vivienda (INVI), Mayobanex Escoto, y el presidente del Comit\u00e9 Ol\u00edmpico Dominicano, Luis Mej\u00eda, entre otros.<\/span><\/p>\n<p class=\"x_ydpf2e14cdaMsoNoSpacing\"><span lang=\"ES-DO\">La fiesta de despedida, una cortes\u00eda del Inapa, estuvo animada por la orquesta Los Custodios y en la misma estuvieron una gran cantidad de atletas, entrenadores y dirigentes, as\u00ed como otros oficiales de la delegaci\u00f3n y dirigentes de las diferentes disciplinas que asistir\u00e1n a los juegos.<\/span><\/p>\n<p class=\"x_ydpf2e14cdaMsoNoSpacing\"><span lang=\"ES-DO\">En la actividad tambi\u00e9n hizo uso de la palabra el Ministro de Deportes, Danilo D\u00edaz, quien refiri\u00f3 que el Gobierno est\u00e1 seguro de la buena preparaci\u00f3n que los atletas han tenido y que pondr\u00e1n en alto la bandera nacional.<\/span><\/p>\n<p class=\"x_ydpf2e14cdaMsoNoSpacing\"><span lang=\"ES-DO\">\u201cNo hemos escatimado esfuerzos para que ustedes est\u00e9n bien preparados para los Juegos de Lima\u201d, sostuvo el funcionario deportivo, quien estuvo en la fiesta acompa\u00f1ado del viceministro Juan Jos\u00e9 B\u00e1ez y el Director T\u00e9cnico de ese organismo Tony Mesa, entre otros.<\/span><\/p>\n<p class=\"x_ydpf2e14cdaMsoNoSpacing\"><span lang=\"ES-DO\">Durante la festividad fueron presentados los atletas y los deportes a los que pertenecen.<\/span><\/p>\n<p class=\"x_ydpf2e14cdaMsoNoSpacing\"><span lang=\"ES-DO\">Tambi\u00e9n se ofreci\u00f3 una cena, cortes\u00eda del Inapa, de la cual disfrutaron atletas y directivos de deportes como boxeo, lucha, karate, vela, voleibol playa, ecuestre, gimnasia, racquetbol, pentatl\u00f3n, nataci\u00f3n, arquer\u00eda, remo, esgrima, tiro al plato, tenis de mesa y de fisiculturismo, entre otros.<\/span><\/p>\n<p class=\"x_ydpf2e14cdaMsoNoSpacing\"><span lang=\"ES-DO\">Los XVIII Juegos Panamericanos Lima 2019 se celebrar\u00e1n del 26 de este mes al 11 de agosto. La Rep\u00fablica Dominicana tiene clasificados a un total de 2019 deportistas en 36 deportes.<\/span><\/p>\n<p class=\"x_ydpf2e14cdaMsoNoSpacing\"><span lang=\"ES-DO\">La primera avanzada de la delegaci\u00f3n dominicana saldr\u00e1 el pr\u00f3ximo martes, la cual est\u00e1 integrada por el Jefe de Misi\u00f3n, ingeniero Garibaldy Bautista; el director t\u00e9cnico Juan Febles Dalmas\u00ed, el encargado de seguridad, coronel Julio C\u00e9sar Hern\u00e1ndez Olivero, y Marcel Vidal, asistente t\u00e9cnico.<\/span><\/p>\n<p class=\"x_ydpf2e14cdaMsoNoSpacing\"><span lang=\"ES-DO\">La tradicional eucarist\u00eda de acci\u00f3n de gracias se llevar\u00e1 a cabo el mi\u00e9rcoles, a las 11:00 de la ma\u00f1ana, en el Albergue Ol\u00edmpico, mientras que la entrega de la Bandera en el Palacio Nacional est\u00e1 pautada para el jueves.<\/span><\/p>\n","protected":false},"excerpt":{"rendered":"<p>Con el slogan \u201cVamos a Lima en busca de la cima\u201d los integrantes de la delegaci\u00f3n dominicana fueron despedido con una gran fiesta celebrada en el Albergue Ol\u00edmpico.<\/p>\n","protected":false},"author":19,"featured_media":57865,"comment_status":"closed","ping_status":"closed","sticky":false,"template":"","format":"standard","meta":[],"categories":[2,60],"tags":[],"acf":[],"_links":{"self":[{"href":"https:\/\/colimdo.org\/wp-api\/wp\/v2\/posts\/57864"}],"collection":[{"href":"https:\/\/colimdo.org\/wp-api\/wp\/v2\/posts"}],"about":[{"href":"https:\/\/colimdo.org\/wp-api\/wp\/v2\/types\/post"}],"author":[{"embeddable":true,"href":"https:\/\/colimdo.org\/wp-api\/wp\/v2\/users\/19"}],"replies":[{"embeddable":true,"href":"https:\/\/colimdo.org\/wp-api\/wp\/v2\/comments?post=57864"}],"version-history":[{"count":1,"href":"https:\/\/colimdo.org\/wp-api\/wp\/v2\/posts\/57864\/revisions"}],"predecessor-version":[{"id":57866,"href":"https:\/\/colimdo.org\/wp-api\/wp\/v2\/posts\/57864\/revisions\/57866"}],"wp:featuredmedia":[{"embeddable":true,"href":"https:\/\/colimdo.org\/wp-api\/wp\/v2\/media\/57865"}],"wp:attachment":[{"href":"https:\/\/colimdo.org\/wp-api\/wp\/v2\/media?parent=57864"}],"wp:term":[{"taxonomy":"category","embeddable":true,"href":"https:\/\/colimdo.org\/wp-api\/wp\/v2\/categories?post=57864"},{"taxonomy":"post_tag","embeddable":true,"href":"https:\/\/colimdo.org\/wp-api\/wp\/v2\/tags?post=57864"}],"curies":[{"name":"wp","href":"https:\/\/api.w.org\/{rel}","templated":true}]}}