{"id":57874,"date":"2019-07-14T00:50:52","date_gmt":"2019-07-14T00:50:52","guid":{"rendered":"https:\/\/colimdo.org\/?p=57874"},"modified":"2019-07-14T00:50:52","modified_gmt":"2019-07-14T00:50:52","slug":"neymar-declara-estado-salud-cara-proximos-compromisos","status":"publish","type":"post","link":"https:\/\/colimdo.org\/noticias\/neymar-declara-estado-salud-cara-proximos-compromisos\/","title":{"rendered":"Neymar declara su estado de salud de cara a sus pr\u00f3ximos compromisos"},"content":{"rendered":"<p>DIARIO LIBRE.-\u00a0Alejado de las canchas mientras se recupera de una lesi\u00f3n en el tobillo derecho, Neymar reapareci\u00f3 en el campo de juego este s\u00e1bado en Sao Paulo para participar en el Neymar Junior 5, un campeonato mundial de f\u00fatbol amateur organizado por su instituto, y dijo que est\u00e1 bien de su lesi\u00f3n.<\/p>\n<p>El jugador, de 27 a\u00f1os, qued\u00f3 marginado de las canchas el 5 de junio cuando se lesion\u00f3 el tobillo en un amistoso de la selecci\u00f3n brasile\u00f1a con Qatar que le impidi\u00f3 disputar la Copa Am\u00e9rica.<\/p>\n<p>Noticias relacionadas: Neymar y el PSG, cr\u00f3nica de un idilio frustrado<\/p>\n<p>Ausencia de Neymar en vuelta al trabajo evidencia divorcio con el PSG<\/p>\n<p>\u201cEstoy bien. La recuperaci\u00f3n va muy bien, s\u00f3lo me falta volver a entrenar\u201d, dijo el jugador, en un breve di\u00e1logo con la presentadora del evento. El delantero se calz\u00f3 los botines y jug\u00f3 algunos minutos un partido con su equipo de f\u00fatbol cinco.<\/p>\n<p>Neymar lleg\u00f3 al evento en la ciudad paulista de Praia Grande de la mano de su hijo Davi Lucca.<\/p>\n<p>\u201cEstoy muy feliz de estar aqu\u00ed, en el barrio donde fui criado\u201d, dijo el jugador del Paris Saint Germain (PSG).<\/p>\n<p>Esta semana, el jugador del PSG fue advertido por el club franc\u00e9s debido a que se ausent\u00f3 del primer entrenamiento con miras a la pr\u00f3xima temporada \u201csin la autorizaci\u00f3n previa\u201d seg\u00fan la instituci\u00f3n.<\/p>\n<p>La vocera del futbolista, sin embargo, neg\u00f3 que no hubiera notificado al club franc\u00e9s la ausencia y explic\u00f3 que hab\u00edan acordado que Neymar regresar\u00eda a Francia el 15 de julio, luego del evento en Praia Grande.<\/p>\n<p>Tras dos a\u00f1os irregulares en el club franc\u00e9s, el ciclo de Neymar en el PSG podr\u00eda estar cerca de su fin. Circulan rumores de que el brasile\u00f1o querr\u00eda salir del club y volver a su anterior equipo, el Barcelona de Espa\u00f1a. El equipo franc\u00e9s pag\u00f3 249 millones de d\u00f3lares por su pase.<\/p>\n<p>La polic\u00eda brasile\u00f1a todav\u00eda investiga a Neymar por una denuncia de una mujer, quien dice haber sido violada por el jugador el 15 de mayo en un hotel de Par\u00eds.<\/p>\n<p>Neymar ha negado las acusaciones.<\/p>\n<p>El astro brasile\u00f1o romper\u00e1 el silencio la pr\u00f3xima semana en una entrevista televisiva con un canal brasile\u00f1o. Sin embargo, medios locales reportaron que el jugador habr\u00eda puesto como condici\u00f3n no hablar de la denuncia por violaci\u00f3n ni de su posible salida del club franc\u00e9s.<\/p>\n","protected":false},"excerpt":{"rendered":"<p>Alejado de las canchas mientras se recupera de una lesi\u00f3n en el tobillo derecho, Neymar reapareci\u00f3 en el campo de juego este s\u00e1bado en Sao Paulo para participar en el Neymar Junior 5, un campeonato mundial de f\u00fatbol amateur organizado por su instituto, y dijo que est\u00e1 bien de su lesi\u00f3n.<\/p>\n","protected":false},"author":19,"featured_media":57875,"comment_status":"closed","ping_status":"closed","sticky":false,"template":"","format":"standard","meta":[],"categories":[2,60],"tags":[],"acf":[],"_links":{"self":[{"href":"https:\/\/colimdo.org\/wp-api\/wp\/v2\/posts\/57874"}],"collection":[{"href":"https:\/\/colimdo.org\/wp-api\/wp\/v2\/posts"}],"about":[{"href":"https:\/\/colimdo.org\/wp-api\/wp\/v2\/types\/post"}],"author":[{"embeddable":true,"href":"https:\/\/colimdo.org\/wp-api\/wp\/v2\/users\/19"}],"replies":[{"embeddable":true,"href":"https:\/\/colimdo.org\/wp-api\/wp\/v2\/comments?post=57874"}],"version-history":[{"count":1,"href":"https:\/\/colimdo.org\/wp-api\/wp\/v2\/posts\/57874\/revisions"}],"predecessor-version":[{"id":57876,"href":"https:\/\/colimdo.org\/wp-api\/wp\/v2\/posts\/57874\/revisions\/57876"}],"wp:featuredmedia":[{"embeddable":true,"href":"https:\/\/colimdo.org\/wp-api\/wp\/v2\/media\/57875"}],"wp:attachment":[{"href":"https:\/\/colimdo.org\/wp-api\/wp\/v2\/media?parent=57874"}],"wp:term":[{"taxonomy":"category","embeddable":true,"href":"https:\/\/colimdo.org\/wp-api\/wp\/v2\/categories?post=57874"},{"taxonomy":"post_tag","embeddable":true,"href":"https:\/\/colimdo.org\/wp-api\/wp\/v2\/tags?post=57874"}],"curies":[{"name":"wp","href":"https:\/\/api.w.org\/{rel}","templated":true}]}}