{"id":57895,"date":"2019-07-14T15:42:31","date_gmt":"2019-07-14T15:42:31","guid":{"rendered":"https:\/\/colimdo.org\/?p=57895"},"modified":"2019-07-14T15:42:31","modified_gmt":"2019-07-14T15:42:31","slug":"suns-la-final-baloncesto-u-23-san-juan","status":"publish","type":"post","link":"https:\/\/colimdo.org\/noticias\/suns-la-final-baloncesto-u-23-san-juan\/","title":{"rendered":"Suns a la Final Baloncesto U-23 en San Juan"},"content":{"rendered":"<p>San Juan de la Maguana (Edgar Omar Ram\u00edrez Read).- El equipo de Los Suns Multif asegur\u00f3 un puesto para disputar la Serie Final del IV Torneo de Baloncesto U-23 que se realiza en esta ciudad, organizado por la Asociaci\u00f3n de Baloncesto de San Juan (ABASANJ).<\/p>\n<p>Con una f\u00e1cil victoria 103-92 frente a los chicos de Aborigen, en el segundo de los partidos de la jornada sabatina de la serie semifinal, el equipo de Los Suns se mantiene como recio candidato a obtener el t\u00edtulo de esta categor\u00eda que ostenta el combinado de La Fe campe\u00f3n en 2018.<\/p>\n<p>El equipo de Aborigen estuvo intenso y competitivo hasta el final de la primera mitad. Sin embargo, al inicio del tercer periodo, cuando Los Suns que hab\u00eda estado jugando de manera confiada, puso intensidad en el juego. Con una defensa individual cancha entera y juego de conjunto en la ofensiva, con unos contraataques rapid\u00edsimos, el equipo de Los Suns Multif puso la proa hacia la victoria que le dio el pase a la serie final.<\/p>\n<p>Los Zorros obligan a partido decisivo.<\/p>\n<p>En tanto que Los Zorros salieron airosos frente a La Fe 103-87; empatando la serie 1-1-, en un partido de muchas alternativas, lleno de tensi\u00f3n y emoci\u00f3n en la primera mitad, pero que se \u201crompi\u00f3\u201d en el tercer periodo cuando los de Villa Flores llegaron a tener ventaja de doble d\u00edgitos.<\/p>\n<p>Este domingo 14 se jugar\u00e1 el partido decisivo por el pase a la Serie Final. El ganador se enfrentara a Los Suns Multif, por t\u00edtulo de Campe\u00f3n de esta IV versi\u00f3n del Sub-23.<\/p>\n<p>La Serie Final pactada al mejor de 3, ser\u00e1 celebrada a partir del pr\u00f3ximo viernes 19 a las 7:30 de la noche, continuando el s\u00e1bado 20 y de ser necesario el domingo 21 a las 11:30 de la ma\u00f1ana. En el Pabell\u00f3n Bajo Techo \u201cRam\u00f3n A. Pasian\u201d del Complejo Deportivo de San Juan.<\/p>\n<p>Este Torneo organizado por ABASANJ, cuenta con respaldo de MIDEREC, FEDOMBAL, Han\u00f3i S\u00e1nchez, Agua Sublime, Hotel La Posada, Primera Plana Radio y TV.<\/p>\n<p>Los partidos son transmitidos por la Comercializadora Deportiva Fern\u00e1ndez a trav\u00e9s de su p\u00e1gina de Facebok.<\/p>\n","protected":false},"excerpt":{"rendered":"<p>Este domingo 14 se jugar\u00e1 el partido decisivo por el pase a la Serie Final. El ganador se enfrentara a Los Suns Multif, por t\u00edtulo de Campe\u00f3n de esta IV versi\u00f3n del Sub-23.<\/p>\n","protected":false},"author":19,"featured_media":57896,"comment_status":"closed","ping_status":"closed","sticky":false,"template":"","format":"standard","meta":[],"categories":[2,60],"tags":[],"acf":[],"_links":{"self":[{"href":"https:\/\/colimdo.org\/wp-api\/wp\/v2\/posts\/57895"}],"collection":[{"href":"https:\/\/colimdo.org\/wp-api\/wp\/v2\/posts"}],"about":[{"href":"https:\/\/colimdo.org\/wp-api\/wp\/v2\/types\/post"}],"author":[{"embeddable":true,"href":"https:\/\/colimdo.org\/wp-api\/wp\/v2\/users\/19"}],"replies":[{"embeddable":true,"href":"https:\/\/colimdo.org\/wp-api\/wp\/v2\/comments?post=57895"}],"version-history":[{"count":1,"href":"https:\/\/colimdo.org\/wp-api\/wp\/v2\/posts\/57895\/revisions"}],"predecessor-version":[{"id":57897,"href":"https:\/\/colimdo.org\/wp-api\/wp\/v2\/posts\/57895\/revisions\/57897"}],"wp:featuredmedia":[{"embeddable":true,"href":"https:\/\/colimdo.org\/wp-api\/wp\/v2\/media\/57896"}],"wp:attachment":[{"href":"https:\/\/colimdo.org\/wp-api\/wp\/v2\/media?parent=57895"}],"wp:term":[{"taxonomy":"category","embeddable":true,"href":"https:\/\/colimdo.org\/wp-api\/wp\/v2\/categories?post=57895"},{"taxonomy":"post_tag","embeddable":true,"href":"https:\/\/colimdo.org\/wp-api\/wp\/v2\/tags?post=57895"}],"curies":[{"name":"wp","href":"https:\/\/api.w.org\/{rel}","templated":true}]}}