{"id":57899,"date":"2019-07-14T19:25:52","date_gmt":"2019-07-14T19:25:52","guid":{"rendered":"https:\/\/colimdo.org\/?p=57899"},"modified":"2019-07-14T19:31:24","modified_gmt":"2019-07-14T19:31:24","slug":"raul-valdes-sera-uno-los-abridores-primera-ronda-los-panamericanos","status":"publish","type":"post","link":"https:\/\/colimdo.org\/noticias\/raul-valdes-sera-uno-los-abridores-primera-ronda-los-panamericanos\/","title":{"rendered":"Ra\u00fal Vald\u00e9s ser\u00e1 uno de los abridores de primera ronda en los Panamericanos"},"content":{"rendered":"<p><strong>SANTO DOMINGO, JORGE LUIS TORRES.-<\/strong> La Selecci\u00f3n nacional de beisbol inici\u00f3 sus pr\u00e1cticas con miras a los Juegos Panamericanos de Lima 2019, que ser\u00e1n celebrados del 26 de este mes hasta el 11 de agosto. El conjunto liderado\u00a0 por Pedro L\u00f3pez y el Gerente General Jos\u00e9 G\u00f3mez, se sienten entusiasmados con el equipo que representar\u00e1 a la Rep\u00fablica Dominicana en Per\u00fa.<\/p>\n<p>\u201cNos hemos ido preparando para lo que viene, he estado conversando con G\u00f3mez con respecto al equipo y ya tenemos quienes ser\u00edan los tres abridores de la primera ronda. Dentro de ya confirmados est\u00e1n; Ra\u00fal Vad\u00e9s, Ulises Joaqu\u00edn, entre otros\u201d, dijo Pedro L\u00f3pez entrenador del combinado nacional.<\/p>\n<p>Alrededor de 30 peloteros han dicho presente al llamado de los dirigentes de la delegaci\u00f3n dominicana de beisbol, quienes asumen tener el equipo completo para el 20 de este mes y de esa manera partir el 26 para Lima, Per\u00fa.<\/p>\n<p>\u201cHemos estado haciendo contactos con los jugadores que podr\u00edan representar al pa\u00eds en este torneo. Tenemos un grupo que es la base de los muchachos que est\u00e1n accionando en la Liga de Verano del Cibao y adem\u00e1s, a ese grupo le agregaremos material de los jugadores que se encuentran fuera\u201d, dijo Jos\u00e9 G\u00f3mez a la prensa del Comit\u00e9 Ol\u00edmpico Dominicano.<\/p>\n<p>Sin embargo, adem\u00e1s del gran material que tienen los criollos no bajar\u00e1n la guardia a la hora de enfrentarse a selecciones que est\u00e9n en un nivel m\u00e1s bajo.<\/p>\n<p>\u201cEntiendo que nosotros hemos aprendido dolorosamente que en el beisbol no hay rivales peque\u00f1os, hemos perdido de equipos que se suponen no estamos supuestos a perder. En el beisbol internacional usted no gana con el nombre, debes salir a ganar y es lo que intentaremos hacer\u201d, adujo G\u00f3mez.<\/p>\n<p>En la primera ronda el equipo de la Bandera tricolor enfrentar\u00e1 a Per\u00fa, luego se medir\u00e1 a Nicaragua y cerrar\u00e1 la ronda contra Puerto Rico.<\/p>\n<p>Los quisqueyanos ir\u00e1n en busca de pasar a la segunda Ronda\u00a0 y luego que est\u00e9n all\u00ed luchar\u00e1 por entrar al medallero Panamericano.<\/p>\n<p>\u201cLa meta de nosotros es tener una participaci\u00f3n digna, yo creo que cualquier cosa que no sea un avance a segunda ronda se considera un fracaso. Ya despu\u00e9s que est\u00e1s en esa fase est\u00e1s a un paso de la medalla\u201d, explic\u00f3 el gerente general del equipo nacional, Jos\u00e9 G\u00f3mez.<\/p>\n<p>Aparte del gran compromiso que tienen el combinado dominicano de representarnos dignamente en los Juegos Panamericanos, este evento servir\u00e1 como experiencia para los jugadores que formar\u00e1n parte del equipo que buscar\u00e1 \u00a0ganar en el Premier 12, evento que ser\u00e1 celebrado en Noviembre del presente a\u00f1o, el mismo torneo que ser\u00e1 clasificatorio para los Juegos Ol\u00edmpicos del 2020.<\/p>\n","protected":false},"excerpt":{"rendered":"<p>El cubano Ra\u00fal Vald\u00e9s es uno de los lanzadores confirmados para lanzar en los Juegos Panamericanos de Lima 2019. <\/p>\n","protected":false},"author":19,"featured_media":57900,"comment_status":"closed","ping_status":"closed","sticky":false,"template":"","format":"standard","meta":[],"categories":[2,60],"tags":[],"acf":[],"_links":{"self":[{"href":"https:\/\/colimdo.org\/wp-api\/wp\/v2\/posts\/57899"}],"collection":[{"href":"https:\/\/colimdo.org\/wp-api\/wp\/v2\/posts"}],"about":[{"href":"https:\/\/colimdo.org\/wp-api\/wp\/v2\/types\/post"}],"author":[{"embeddable":true,"href":"https:\/\/colimdo.org\/wp-api\/wp\/v2\/users\/19"}],"replies":[{"embeddable":true,"href":"https:\/\/colimdo.org\/wp-api\/wp\/v2\/comments?post=57899"}],"version-history":[{"count":3,"href":"https:\/\/colimdo.org\/wp-api\/wp\/v2\/posts\/57899\/revisions"}],"predecessor-version":[{"id":57903,"href":"https:\/\/colimdo.org\/wp-api\/wp\/v2\/posts\/57899\/revisions\/57903"}],"wp:featuredmedia":[{"embeddable":true,"href":"https:\/\/colimdo.org\/wp-api\/wp\/v2\/media\/57900"}],"wp:attachment":[{"href":"https:\/\/colimdo.org\/wp-api\/wp\/v2\/media?parent=57899"}],"wp:term":[{"taxonomy":"category","embeddable":true,"href":"https:\/\/colimdo.org\/wp-api\/wp\/v2\/categories?post=57899"},{"taxonomy":"post_tag","embeddable":true,"href":"https:\/\/colimdo.org\/wp-api\/wp\/v2\/tags?post=57899"}],"curies":[{"name":"wp","href":"https:\/\/api.w.org\/{rel}","templated":true}]}}