{"id":57941,"date":"2019-07-15T14:55:22","date_gmt":"2019-07-15T14:55:22","guid":{"rendered":"https:\/\/colimdo.org\/?p=57941"},"modified":"2019-07-15T14:55:22","modified_gmt":"2019-07-15T14:55:22","slug":"fallecio-dirigente-del-softbol-felix-reynoso","status":"publish","type":"post","link":"https:\/\/colimdo.org\/noticias\/fallecio-dirigente-del-softbol-felix-reynoso\/","title":{"rendered":"Falleci\u00f3 el dirigente del softbol F\u00e9lix Reynoso"},"content":{"rendered":"<p>DIARIO LIBRE.-\u00a0Falleci\u00f3 anoche en Nagua, provincia Mar\u00eda Trinidad S\u00e1nchez, el dirigente deportivo F\u00e9lix Reynoso, presidente de la Asociaci\u00f3n de Softbol y B\u00e9isbol en esa provincia.<\/p>\n<p>\u201cHa fallecido un gran dirigente de nuestro deporte, lamentamos su fallecimiento y nos unimos al dolor de su familia\u201d, afirm\u00f3 el ingeniero Garibaldy Bautista, presidente de la Federaci\u00f3n Dominicana de Softbol (Fedosa). Su cad\u00e1ver est\u00e1 expuesto en la funeraria municipal de Nagua.<\/p>\n<p>Reynoso era vicepresidente regional por la regi\u00f3n Nordeste del pa\u00eds de la Fedosa.<\/p>\n<p>Bautista llam\u00f3 a todos los dirigentes del softbol a rendir homenaje p\u00f3stumo a Reynoso, guardando un minuto de silencio al inicio de sus actividades deportivas en el d\u00eda de hoy.<\/p>\n<p>\u201cEstamos de luto, es muy sentido su fallecimiento, era un hombre del deporte, un trabajador incondicional en su regi\u00f3n, por lo que lamentamos profundamente su muerte\u201d.<\/p>\n","protected":false},"excerpt":{"rendered":"<p>Bautista llam\u00f3 a todos los dirigentes del softbol a rendir homenaje p\u00f3stumo a Reynoso, guardando un minuto de silencio al inicio de sus actividades deportivas en el d\u00eda de hoy.<\/p>\n","protected":false},"author":19,"featured_media":57942,"comment_status":"closed","ping_status":"closed","sticky":false,"template":"","format":"standard","meta":[],"categories":[2,60],"tags":[],"acf":[],"_links":{"self":[{"href":"https:\/\/colimdo.org\/wp-api\/wp\/v2\/posts\/57941"}],"collection":[{"href":"https:\/\/colimdo.org\/wp-api\/wp\/v2\/posts"}],"about":[{"href":"https:\/\/colimdo.org\/wp-api\/wp\/v2\/types\/post"}],"author":[{"embeddable":true,"href":"https:\/\/colimdo.org\/wp-api\/wp\/v2\/users\/19"}],"replies":[{"embeddable":true,"href":"https:\/\/colimdo.org\/wp-api\/wp\/v2\/comments?post=57941"}],"version-history":[{"count":1,"href":"https:\/\/colimdo.org\/wp-api\/wp\/v2\/posts\/57941\/revisions"}],"predecessor-version":[{"id":57943,"href":"https:\/\/colimdo.org\/wp-api\/wp\/v2\/posts\/57941\/revisions\/57943"}],"wp:featuredmedia":[{"embeddable":true,"href":"https:\/\/colimdo.org\/wp-api\/wp\/v2\/media\/57942"}],"wp:attachment":[{"href":"https:\/\/colimdo.org\/wp-api\/wp\/v2\/media?parent=57941"}],"wp:term":[{"taxonomy":"category","embeddable":true,"href":"https:\/\/colimdo.org\/wp-api\/wp\/v2\/categories?post=57941"},{"taxonomy":"post_tag","embeddable":true,"href":"https:\/\/colimdo.org\/wp-api\/wp\/v2\/tags?post=57941"}],"curies":[{"name":"wp","href":"https:\/\/api.w.org\/{rel}","templated":true}]}}