{"id":57947,"date":"2019-07-15T15:09:06","date_gmt":"2019-07-15T15:09:06","guid":{"rendered":"https:\/\/colimdo.org\/?p=57947"},"modified":"2019-07-15T15:09:06","modified_gmt":"2019-07-15T15:09:06","slug":"iker-casillas-cuelga-las-botas-pasa-los-despachos","status":"publish","type":"post","link":"https:\/\/colimdo.org\/noticias\/iker-casillas-cuelga-las-botas-pasa-los-despachos\/","title":{"rendered":"Iker Casillas cuelga las botas y pasa a los despachos"},"content":{"rendered":"<p>DIARIO LIBRE.-\u00a0El portero espa\u00f1ol m\u00e1s laureado, Iker Casillas, leyenda del Real Madrid, del Oporto y de la selecci\u00f3n espa\u00f1ola, anunci\u00f3 este lunes que concluye su carrera profesional y formar\u00e1 parte del staff directivo del Oporto, debido al infarto de miocardio que sufri\u00f3 durante un entrenamiento con el club portugu\u00e9s el pasado 1 de mayo.<\/p>\n<p>Desde ese d\u00eda, han corrido r\u00edos de especulaciones en torno al portero espa\u00f1ol, uno de los art\u00edfices del Mundial que gan\u00f3 Espa\u00f1a en Sud\u00e1frica 2010.<\/p>\n<p>Muchos especialistas pon\u00edan en duda la continuidad del cancerbero como futbolista en activo, ya que un infarto de miocardio requiere reposo y el proceso de recuperaci\u00f3n es lento.<\/p>\n<p>Adem\u00e1s, tras ser sometido a un cateterismo y a la colocaci\u00f3n de un stent (mecanismo para recuperar arterias obstruidas), su continuidad como portero era muy complicada, ya que se trata de un deporte de elite en el que los golpes pueden poner en riesgo su vida.<\/p>\n<p>Desde el primer momento, los responsables m\u00e9dicos del Oporto no valoraron su continuidad como portero, aunque s\u00ed aseguraron que el guardameta no tendr\u00eda secuelas, ya que fue atendido como mucha rapidez y eficacia.<\/p>\n<p>Desde el 20 de marzo pasado, Casillas ha vivido una concatenaci\u00f3n de hechos que han marcado el devenir del madrile\u00f1o.<\/p>\n<div class=\"paragraph\">\n<p>Ese d\u00eda, con enorme expectaci\u00f3n medi\u00e1tica, el portero y el presidente del Oporto anunciaban la renovaci\u00f3n de Iker Casillas por otro a\u00f1o, por lo que estar\u00eda vinculado al club de los dragones hasta el verano de 2020, con posibilidad de ir prorrogando a\u00f1o a a\u00f1o.<\/p>\n<p>Ya se hablaba de que, al margen de ser uno de los guardametas con mejores n\u00fameros, tambi\u00e9n se convertir\u00eda en uno de los veteranos bajo palos, ya que podr\u00eda llegar a los 40 en activo.<\/p>\n<p>En su cuarta temporada en activo con el Oporto, despu\u00e9s de dejar el Real Madrid, Casillas ten\u00eda n\u00fameros en la campa\u00f1a 2018-2019 que lo colocaban entre los mejores porteros de las principales ligas europeas e, incluso, su vuelta a una convocatoria de la selecci\u00f3n no era nada descabellado.<\/p>\n<p>Sin embargo, el 1 de mayo, en la recta final liguera, cuando pugnaban por el t\u00edtulo con el Benfica, Casillas sufri\u00f3 el infarto y dijo adi\u00f3s al resto de temporada.<\/p>\n<p>Diecinueve d\u00edas despu\u00e9s, el 20 de mayo, Casillas celebr\u00f3 su 38 cumplea\u00f1os sin apenas protagonismo y con un extra\u00f1o mensaje en sus perfiles sociales que rezaba: \u201cEste no ha sido un gran cumplea\u00f1os\u201d.<\/p>\n<\/div>\n<div class=\"multimediaMacroWrapper\">\n<p>Tras la frase se escond\u00eda la operaci\u00f3n a la que hab\u00eda sido sometida su pareja, la periodista Sara Carbonero, a la que le hab\u00edan detectado un tumor maligno de ovario y cuya noticia trascendi\u00f3 el 21 de mayo.<\/p>\n<p>En las \u00faltimas semanas se ha especulado mucho sobre el posible sucesor del guardameta, primero con el costarricense del Real Madrid Keylor Navas y, m\u00e1s tarde, con el italiano Buffon, actual guardameta, amigo personal de Casillas.<\/p>\n<p>Lo cierto es que la memoria de Casillas concentra la \u00e9poca dorada de la selecci\u00f3n espa\u00f1ola y la historia reciente m\u00e1s exitosa del Real Madrid.<\/p>\n<p>Con un Mundial y dos Eurocopas como capit\u00e1n de la selecci\u00f3n espa\u00f1ola en sus vitrinas, adem\u00e1s de tres Ligas de Campeones y cinco Ligas con el Real Madrid, Casillas dej\u00f3 la capital de Espa\u00f1a en el verano de 2015 tras su tensa relaci\u00f3n con el t\u00e9cnico Mourinho, por lo que fue recibido como un h\u00e9roe en el club del Oporto.<\/p>\n<p>Es el jugador de los r\u00e9cords: veinte temporadas consecutivas jugando la Liga de Campeones; es el que m\u00e1s partidos ha disputado en esta competici\u00f3n, con 176; y con 19 a\u00f1os y cuatro d\u00edas se entroniz\u00f3 como el portero m\u00e1s joven en jugar y ganar una final de la Liga de Campeones, un registro que a\u00fan no ha superado ning\u00fan guardameta.<\/p>\n<p>Ha sido incluido hasta en cinco ocasiones en el Once Mundial FIFA y fue elegido otras cinco veces mejor portero del mundo.<\/p>\n<p>Su trayectoria deportiva tambi\u00e9n ha sido reconocida con el Premio Pr\u00edncipe de Asturias de los Deportes, la Medalla de Oro de la Real Orden del M\u00e9rito Deportivo, la Medalla de Oro de la Comunidad de Madrid y la Gran Cruz de la Real Orden del M\u00e9rito Deportivo.<\/p>\n<p>Su experiencia en el mundo del f\u00fatbol y sus buenos consejos, muy agradecidos entre los compa\u00f1eros con los que ha compartido vestuario, ser\u00e1 v\u00e1lida a partir de ahora en el \u201cstaff\u201d del Oporto, con el que estar\u00e1 vinculado durante el pr\u00f3ximo a\u00f1o.<\/p>\n<p>&nbsp;<\/p>\n<p>&nbsp;<\/p>\n<\/div>\n","protected":false},"excerpt":{"rendered":"<p>El portero espa\u00f1ol m\u00e1s laureado, Iker Casillas, leyenda del Real Madrid, del Oporto y de la selecci\u00f3n espa\u00f1ola, anunci\u00f3 este lunes que concluye su carrera profesional y formar\u00e1 parte del staff directivo del Oporto, debido al infarto de miocardio que sufri\u00f3 durante un entrenamiento con el club portugu\u00e9s el pasado 1 de mayo.<\/p>\n","protected":false},"author":19,"featured_media":57948,"comment_status":"closed","ping_status":"closed","sticky":false,"template":"","format":"standard","meta":[],"categories":[2,60],"tags":[],"acf":[],"_links":{"self":[{"href":"https:\/\/colimdo.org\/wp-api\/wp\/v2\/posts\/57947"}],"collection":[{"href":"https:\/\/colimdo.org\/wp-api\/wp\/v2\/posts"}],"about":[{"href":"https:\/\/colimdo.org\/wp-api\/wp\/v2\/types\/post"}],"author":[{"embeddable":true,"href":"https:\/\/colimdo.org\/wp-api\/wp\/v2\/users\/19"}],"replies":[{"embeddable":true,"href":"https:\/\/colimdo.org\/wp-api\/wp\/v2\/comments?post=57947"}],"version-history":[{"count":1,"href":"https:\/\/colimdo.org\/wp-api\/wp\/v2\/posts\/57947\/revisions"}],"predecessor-version":[{"id":57949,"href":"https:\/\/colimdo.org\/wp-api\/wp\/v2\/posts\/57947\/revisions\/57949"}],"wp:featuredmedia":[{"embeddable":true,"href":"https:\/\/colimdo.org\/wp-api\/wp\/v2\/media\/57948"}],"wp:attachment":[{"href":"https:\/\/colimdo.org\/wp-api\/wp\/v2\/media?parent=57947"}],"wp:term":[{"taxonomy":"category","embeddable":true,"href":"https:\/\/colimdo.org\/wp-api\/wp\/v2\/categories?post=57947"},{"taxonomy":"post_tag","embeddable":true,"href":"https:\/\/colimdo.org\/wp-api\/wp\/v2\/tags?post=57947"}],"curies":[{"name":"wp","href":"https:\/\/api.w.org\/{rel}","templated":true}]}}