{"id":57950,"date":"2019-07-15T15:36:06","date_gmt":"2019-07-15T15:36:06","guid":{"rendered":"https:\/\/colimdo.org\/?p=57950"},"modified":"2019-07-15T15:36:06","modified_gmt":"2019-07-15T15:36:06","slug":"nuevas-caras-primer-entrenamiento-barcelona","status":"publish","type":"post","link":"https:\/\/colimdo.org\/noticias\/nuevas-caras-primer-entrenamiento-barcelona\/","title":{"rendered":"Nuevas caras en el primer entrenamiento de Barcelona"},"content":{"rendered":"<p>DIARIO LIBRE.- El Barcelona 2019-20 se puso en marcha este lunes con el primer entrenamiento de la pretemporada que cont\u00f3 con el franc\u00e9s Antoine Griezmann, el holand\u00e9s Frenkie de Jong, y el brasile\u00f1o Norberto Murara \u2018Neto\u2019, los tres fichajes que la entidad ha anunciado hasta la fecha, como caras nuevas de la plantilla del primer equipo.<\/p>\n<p>Despu\u00e9s de anal\u00edticas de sangre, los jugadores disponibles de la primera plantilla aparecieron a las 9.30 horas (7.30 GMT) en el campo de entrenamiento de la Ciudad Deportiva de Sant Joan Desp\u00ed, donde el entrenador Ernesto Valverde dirigi\u00f3 la primera sesi\u00f3n del nuevo curso.<\/p>\n<p>Fue el primer entrenamiento del d\u00eda -durante la tarde se celebrar\u00e1 el segundo- y cont\u00f3 con todos los futbolistas que ayer pasaron la revisi\u00f3n m\u00e9dica, incluidos Griezmann, De Jong y Neto.<\/p>\n<p>Adem\u00e1s de las tres incorporaciones, completaron el primer entrenamiento del curso los siguientes jugadores: el portero Marc-Andr\u00e9 ter Stengen; los defensas Nelson Semedo, Jean-Claire Todibo, Gerard Piqu\u00e9, Samuel Umtiti, Jordi Alba, Clement Lenglet y Sergi Roberto; los centrocampista Ivan Rakitic, Sergio Busquets, Rafinha Alc\u00e1ntara y Carles Ale\u00f1\u00e1; y los delanteros Malcom Felipe de Oliveira y Ousmane Demb\u00e9l\u00e9.<\/p>\n<p>Asimismo, el t\u00e9cnico, Ernesto Valverde, contar\u00e1 durante la pretemporada con los jugadores del filial I\u00f1aki Pe\u00f1a, Oriol Busquets, Riqui Puig, \u00c1lex Collado y Carles P\u00e9rez.<\/p>\n","protected":false},"excerpt":{"rendered":"<p>Fue el primer entrenamiento del d\u00eda -durante la tarde se celebrar\u00e1 el segundo- y cont\u00f3 con todos los futbolistas que ayer pasaron la revisi\u00f3n m\u00e9dica, incluidos Griezmann, De Jong y Neto.<\/p>\n","protected":false},"author":19,"featured_media":57951,"comment_status":"closed","ping_status":"closed","sticky":false,"template":"","format":"standard","meta":[],"categories":[2,60],"tags":[],"acf":[],"_links":{"self":[{"href":"https:\/\/colimdo.org\/wp-api\/wp\/v2\/posts\/57950"}],"collection":[{"href":"https:\/\/colimdo.org\/wp-api\/wp\/v2\/posts"}],"about":[{"href":"https:\/\/colimdo.org\/wp-api\/wp\/v2\/types\/post"}],"author":[{"embeddable":true,"href":"https:\/\/colimdo.org\/wp-api\/wp\/v2\/users\/19"}],"replies":[{"embeddable":true,"href":"https:\/\/colimdo.org\/wp-api\/wp\/v2\/comments?post=57950"}],"version-history":[{"count":1,"href":"https:\/\/colimdo.org\/wp-api\/wp\/v2\/posts\/57950\/revisions"}],"predecessor-version":[{"id":57952,"href":"https:\/\/colimdo.org\/wp-api\/wp\/v2\/posts\/57950\/revisions\/57952"}],"wp:featuredmedia":[{"embeddable":true,"href":"https:\/\/colimdo.org\/wp-api\/wp\/v2\/media\/57951"}],"wp:attachment":[{"href":"https:\/\/colimdo.org\/wp-api\/wp\/v2\/media?parent=57950"}],"wp:term":[{"taxonomy":"category","embeddable":true,"href":"https:\/\/colimdo.org\/wp-api\/wp\/v2\/categories?post=57950"},{"taxonomy":"post_tag","embeddable":true,"href":"https:\/\/colimdo.org\/wp-api\/wp\/v2\/tags?post=57950"}],"curies":[{"name":"wp","href":"https:\/\/api.w.org\/{rel}","templated":true}]}}