{"id":58022,"date":"2019-07-16T15:41:34","date_gmt":"2019-07-16T15:41:34","guid":{"rendered":"https:\/\/colimdo.org\/?p=58022"},"modified":"2019-07-16T16:42:57","modified_gmt":"2019-07-16T16:42:57","slug":"eduardo-nunez-fue-dado-baja-medias-rojas","status":"publish","type":"post","link":"https:\/\/colimdo.org\/noticias\/eduardo-nunez-fue-dado-baja-medias-rojas\/","title":{"rendered":"Djokovic dice que Federer y Nadal son su inspiraci\u00f3n y que espera superarlos"},"content":{"rendered":"<p>EL NUEVO DIARIO, BELGRADO.- Novak Djokovic, actualmente el mejor tenista del mundo, asegura que el espa\u00f1ol Rafael Nadal y el suizo Roger Federer, segundo y tercero en la clasificaci\u00f3n ATP, le inspiran para mantener su nivel de juego y para aspirar a superarlos, aunque no sabe si lo lograr\u00e1.<\/p>\n<p>\u201cNos complementamos entre nosotros. Nos presionamos mutuamente para avanzar. Ellos son una de las principales razones de que todav\u00eda juegue a tan alto nivel\u201d, declara Djokovic en la edici\u00f3n de hoy del diario deportivo serbio Sportski zurnal.<\/p>\n<p>\u201cEl hecho de que los dos hayan hecho historia en el tenis es para m\u00ed una motivaci\u00f3n para hacerlo yo tambi\u00e9n, incluso m\u00e1s a\u00fan\u201d, indic\u00f3.<\/p>\n<p>El serbio, con diecis\u00e9is t\u00edtulos de Grand Slam, se\u00f1al\u00f3 que se acerca a los veinte que suma Federer (20) y los dieciocho de Nadal, aunque no sabe si ser\u00e1 capaz de superarlos.<\/p>\n<p>\u201cYa lo veremos\u201d, indic\u00f3 el tenista, que el pasado domingo venci\u00f3 a Federer en la final de Wimbledon m\u00e1s larga de la historia del torneo, que dur\u00f3 cuatro horas y 57 minutos.<\/p>\n<p>Fue el quinto t\u00edtulo de Djokovic, de 32 a\u00f1os, en ese torneo.<\/p>\n<p>\u201cRoger me inspira de verdad para seguir jugando cuando tenga 37 a\u00f1os, como \u00e9l. Es mi deseo. Depender\u00e1 mucho de las circunstancias de la vida si tendr\u00e9 la oportunidad de batir el r\u00e9cord del n\u00famero de t\u00edtulos Grand Slam, o del tiempo en el primer puesto (de la ATP)\u201d, declar\u00f3.<\/p>\n<p>\u201cNo soy s\u00f3lo tenista, tambi\u00e9n soy padre y marido. Tengo que encontrar el equilibrio para todo\u201d, explic\u00f3.<\/p>\n","protected":false},"excerpt":{"rendered":"<p>El serbio, con diecis\u00e9is t\u00edtulos de Grand Slam, se\u00f1al\u00f3 que se acerca a los veinte que suma Federer (20) y los dieciocho de Nadal, aunque no sabe si ser\u00e1 capaz de superarlos.<\/p>\n","protected":false},"author":19,"featured_media":58029,"comment_status":"closed","ping_status":"closed","sticky":false,"template":"","format":"standard","meta":[],"categories":[2,60],"tags":[],"acf":[],"_links":{"self":[{"href":"https:\/\/colimdo.org\/wp-api\/wp\/v2\/posts\/58022"}],"collection":[{"href":"https:\/\/colimdo.org\/wp-api\/wp\/v2\/posts"}],"about":[{"href":"https:\/\/colimdo.org\/wp-api\/wp\/v2\/types\/post"}],"author":[{"embeddable":true,"href":"https:\/\/colimdo.org\/wp-api\/wp\/v2\/users\/19"}],"replies":[{"embeddable":true,"href":"https:\/\/colimdo.org\/wp-api\/wp\/v2\/comments?post=58022"}],"version-history":[{"count":3,"href":"https:\/\/colimdo.org\/wp-api\/wp\/v2\/posts\/58022\/revisions"}],"predecessor-version":[{"id":58030,"href":"https:\/\/colimdo.org\/wp-api\/wp\/v2\/posts\/58022\/revisions\/58030"}],"wp:featuredmedia":[{"embeddable":true,"href":"https:\/\/colimdo.org\/wp-api\/wp\/v2\/media\/58029"}],"wp:attachment":[{"href":"https:\/\/colimdo.org\/wp-api\/wp\/v2\/media?parent=58022"}],"wp:term":[{"taxonomy":"category","embeddable":true,"href":"https:\/\/colimdo.org\/wp-api\/wp\/v2\/categories?post=58022"},{"taxonomy":"post_tag","embeddable":true,"href":"https:\/\/colimdo.org\/wp-api\/wp\/v2\/tags?post=58022"}],"curies":[{"name":"wp","href":"https:\/\/api.w.org\/{rel}","templated":true}]}}