{"id":58035,"date":"2019-07-16T16:57:57","date_gmt":"2019-07-16T16:57:57","guid":{"rendered":"https:\/\/colimdo.org\/?p=58035"},"modified":"2019-07-16T18:23:53","modified_gmt":"2019-07-16T18:23:53","slug":"cod-visita-selecciones-baloncesto-3x3-iran-panamericanos","status":"publish","type":"post","link":"https:\/\/colimdo.org\/noticias\/cod-visita-selecciones-baloncesto-3x3-iran-panamericanos\/","title":{"rendered":"COD visita a selecciones de baloncesto 3&#215;3 ir\u00e1n a Panamericanos"},"content":{"rendered":"<p>SANTO DOMINGO.-\u00a0Luis Mej\u00eda Oviedo, presidente del Comit\u00e9 Ol\u00edmpico Dominicano (COD), en compa\u00f1\u00eda del Jefe de Misi\u00f3n de la Delegaci\u00f3n Dominicana para los Juegos Panamericanos, Garibaldy Bautista y del Director Administrativo del Albergue Ol\u00edmpico Dominicano, Caonabo Castro, realizaron una visita a los miembros de la selecci\u00f3n dominicana de baloncesto 3&#215;3 durante la celebraci\u00f3n de la 2da Copa Hispaniola 3&#215;3, efectuada el fin de semana en el Parque Eugenio Mar\u00eda de Hostos.<\/p>\n<p class=\"x_ydp2fc64e68MsoNormal\">\u201cAndamos detr\u00e1s de compartir con ustedes, no estamos dejando que se sientan, ni est\u00e9n solos, cualquier detalle que tengan, para que nos los expresen, por eso venimos\u00a0\u00a0a estimularlos para tener la mejor delegaci\u00f3n que podamos tener y sacar lo mejor\u201d, expres\u00f3 Mej\u00eda al conversar con los miembros del seleccionado nacional de baloncesto 3&#215;3 masculino y femenino.<\/p>\n<div>La visita realizada a estos atletas, en la que tambi\u00e9n estuvo presente la Coordinadora Nacional de Baloncesto 3&#215;3, Elka Jim\u00e9nez, es parte del programa de visitas implementadas por el Comit\u00e9 Ol\u00edmpico Dominicano a los atletas de las delegaciones parte del TeamDom, que participar\u00e1n en los Juegos Panamericanos de Lima 2019.<\/div>\n<div><\/div>\n<div>La modalidad de baloncesto 3&#215;3 estar\u00e1 haciendo su debut en los Juegos Panamericanos, donde la Rep\u00fablica Dominicana coloc\u00f3 a sus selecciones masculina y femenina, al posicionarse entre los mejores cinco pa\u00edses del continente en ambas ramas en el ranking de la FIBA.<\/div>\n<div><\/div>\n<div>La delegaci\u00f3n dominicana asistir\u00e1 a los Juegos Panamericano que ser\u00e1n realizados desde el 26 de julio y hasta el 11 agosto en Lima, con un total de 208 atletas en 32 disciplinas deportivas y tendr\u00e1 como abanderada a la atleta de levantamiento de pesas, Crismery Santana, quien es una de las esperanza de medallas del pa\u00eds en el certamen multideportivo continental.<\/div>\n","protected":false},"excerpt":{"rendered":"<p>La visita realizada a estos atletas, en la que tambi\u00e9n estuvo presente la Coordinadora Nacional de Baloncesto 3&#215;3, Elka Jim\u00e9nez, es parte del programa de visitas implementadas por el Comit\u00e9 Ol\u00edmpico Dominicano a los atletas de las delegaciones parte del TeamDom, que participar\u00e1n en los Juegos Panamericanos de Lima 2019.<\/p>\n","protected":false},"author":19,"featured_media":58036,"comment_status":"closed","ping_status":"closed","sticky":false,"template":"","format":"standard","meta":[],"categories":[2,60],"tags":[],"acf":[],"_links":{"self":[{"href":"https:\/\/colimdo.org\/wp-api\/wp\/v2\/posts\/58035"}],"collection":[{"href":"https:\/\/colimdo.org\/wp-api\/wp\/v2\/posts"}],"about":[{"href":"https:\/\/colimdo.org\/wp-api\/wp\/v2\/types\/post"}],"author":[{"embeddable":true,"href":"https:\/\/colimdo.org\/wp-api\/wp\/v2\/users\/19"}],"replies":[{"embeddable":true,"href":"https:\/\/colimdo.org\/wp-api\/wp\/v2\/comments?post=58035"}],"version-history":[{"count":5,"href":"https:\/\/colimdo.org\/wp-api\/wp\/v2\/posts\/58035\/revisions"}],"predecessor-version":[{"id":58047,"href":"https:\/\/colimdo.org\/wp-api\/wp\/v2\/posts\/58035\/revisions\/58047"}],"wp:featuredmedia":[{"embeddable":true,"href":"https:\/\/colimdo.org\/wp-api\/wp\/v2\/media\/58036"}],"wp:attachment":[{"href":"https:\/\/colimdo.org\/wp-api\/wp\/v2\/media?parent=58035"}],"wp:term":[{"taxonomy":"category","embeddable":true,"href":"https:\/\/colimdo.org\/wp-api\/wp\/v2\/categories?post=58035"},{"taxonomy":"post_tag","embeddable":true,"href":"https:\/\/colimdo.org\/wp-api\/wp\/v2\/tags?post=58035"}],"curies":[{"name":"wp","href":"https:\/\/api.w.org\/{rel}","templated":true}]}}