{"id":58038,"date":"2019-07-16T17:26:58","date_gmt":"2019-07-16T17:26:58","guid":{"rendered":"https:\/\/colimdo.org\/?p=58038"},"modified":"2019-07-16T17:26:58","modified_gmt":"2019-07-16T17:26:58","slug":"delegacion-judo-preparada-arribar-lima","status":"publish","type":"post","link":"https:\/\/colimdo.org\/noticias\/delegacion-judo-preparada-arribar-lima\/","title":{"rendered":"Delegaci\u00f3n de judo, preparada para arribar a Lima"},"content":{"rendered":"<p><strong>SANTO DOMINGO, JORGE LUIS TORRES<\/strong>.- La selecci\u00f3n nacional de judo es una de las delegaciones que nos representar\u00e1 en los pr\u00f3ximos 10 d\u00edas en\u00a0 los Juegos Panamericanos de Lima, que ser\u00e1n celebrados del 26 de julio hasta el 11 de agosto.<\/p>\n<p>Los atletas llevan una ardua preparaci\u00f3n de cara al reto que les espera en Per\u00fa.<\/p>\n<p>\u201cNosotros nos estamos preparando para dar lo mejor de nosotros, estamos enfocados, entrenamos todo lo que podemos. Vamos hacer una digna representaci\u00f3n de la Bandera tricolor\u201d, dijo Wilkn Ogando, entrenador de la delegaci\u00f3n de judo que partir\u00e1 a Lima.<\/p>\n<p>La base de entrenamientos de los quisqueyanos se encuentra en Budapest, Hungr\u00eda, donde llevan gran parte de prueba.<\/p>\n<p>La selecci\u00f3n est\u00e1 conformada por nueve atletas que competir\u00e1n en diferentes pesos.<\/p>\n<p>Los miembros son: Estefan\u00eda Soriano, mejor s\u00e9ptimo clasificado en menos 48 kilos, Diana de Jes\u00fas, mejor octavo clasificado en menos 52 kilos, Ana Rosa, \u00a0primer clasificado en \u00a0menos 57 kilos, Elmert Ram\u00edrez, cuarto clasificado \u00a0en menos 60 kilos, Wander Mateo \u00a0quinto clasificado \u00a0en menos 66 kilos, Medickson del Orbe primer clasificado \u00a0en menos 81 Kilos, Robert Florentino segundo clasificado en menos 90 kilos, Lewis Medina \u00a0segundo clasificado \u00a0en menos 100 Kilos, Jos\u00e9 Nova \u00a0s\u00e9ptimo mejor clasificado m\u00e1s 100 Kilos.<\/p>\n<p>\u201cLos muchachos se encuentran en perfectas condiciones, ustedes saben que siempre habr\u00e1 dolor porque esto es Judo, pero gracias a Dios estamos bien y listo para representar dignamente a Dominicana en Lima\u201d, expres\u00f3 Ogando a los miembros de la prensa dominicana.<\/p>\n<p>La delegaci\u00f3n particip\u00f3 en un Grand Prix, en\u00a0 Budapest, Hungr\u00eda en busca de puntos de clasificaci\u00f3n para los Juegos Ol\u00edmpicos de Tokio 2020.<\/p>\n","protected":false},"excerpt":{"rendered":"<p>La selecci\u00f3n de judo est\u00e1 conformada por nueve atletas que competir\u00e1n en diferentes pesos.<\/p>\n","protected":false},"author":19,"featured_media":58039,"comment_status":"closed","ping_status":"closed","sticky":false,"template":"","format":"standard","meta":[],"categories":[2,60],"tags":[],"acf":[],"_links":{"self":[{"href":"https:\/\/colimdo.org\/wp-api\/wp\/v2\/posts\/58038"}],"collection":[{"href":"https:\/\/colimdo.org\/wp-api\/wp\/v2\/posts"}],"about":[{"href":"https:\/\/colimdo.org\/wp-api\/wp\/v2\/types\/post"}],"author":[{"embeddable":true,"href":"https:\/\/colimdo.org\/wp-api\/wp\/v2\/users\/19"}],"replies":[{"embeddable":true,"href":"https:\/\/colimdo.org\/wp-api\/wp\/v2\/comments?post=58038"}],"version-history":[{"count":1,"href":"https:\/\/colimdo.org\/wp-api\/wp\/v2\/posts\/58038\/revisions"}],"predecessor-version":[{"id":58040,"href":"https:\/\/colimdo.org\/wp-api\/wp\/v2\/posts\/58038\/revisions\/58040"}],"wp:featuredmedia":[{"embeddable":true,"href":"https:\/\/colimdo.org\/wp-api\/wp\/v2\/media\/58039"}],"wp:attachment":[{"href":"https:\/\/colimdo.org\/wp-api\/wp\/v2\/media?parent=58038"}],"wp:term":[{"taxonomy":"category","embeddable":true,"href":"https:\/\/colimdo.org\/wp-api\/wp\/v2\/categories?post=58038"},{"taxonomy":"post_tag","embeddable":true,"href":"https:\/\/colimdo.org\/wp-api\/wp\/v2\/tags?post=58038"}],"curies":[{"name":"wp","href":"https:\/\/api.w.org\/{rel}","templated":true}]}}