{"id":58073,"date":"2019-07-17T02:39:15","date_gmt":"2019-07-17T02:39:15","guid":{"rendered":"https:\/\/colimdo.org\/?p=58073"},"modified":"2019-07-17T02:39:15","modified_gmt":"2019-07-17T02:39:15","slug":"dominicano-daniel-baquero-avanza-semifinales-copa-merengue","status":"publish","type":"post","link":"https:\/\/colimdo.org\/noticias\/dominicano-daniel-baquero-avanza-semifinales-copa-merengue\/","title":{"rendered":"Dominicano Daniel Baquero avanza a semifinales en Copa Merengue\u00a0"},"content":{"rendered":"<p dir=\"ltr\">SANTO DOMINGO.- El dominicano Daniel Baquero avanz\u00f3 este martes a semifinales de sencillos en la categor\u00eda U14 de la Copa Merengue 2019, que se juega en las canchas del Parque del Este.<\/p>\n<p dir=\"ltr\">El tenista criollo venci\u00f3 al guatemalteco Rafael Botr\u00e1n 36 62 63 para avanzar a la fase de los mejores cuatro jugadores del torneo, y enfrentar\u00e1 este mi\u00e9rcoles al mexicano Diego Schtulmann, primer sembrado.<\/p>\n<p dir=\"ltr\">Baquero es la \u00fanica representaci\u00f3n dominicana que se mantiene en competencia en sencillos, puesto que los locales Alejandro Gandini, Kissmel Cedano y Manuel Espinal fueron eliminados en la jornada.<\/p>\n<p dir=\"ltr\">La Copa Merengue contin\u00faa este mi\u00e9rcoles desde las 9:00 de la ma\u00f1ana con entrada libre para el p\u00fablico gracias al apoyo del Banco BHD Le\u00f3n, Seguros Banreservas, Pinturas Popular, Bojos, El Nuevo Diario, Wilson y Refidomsa.<\/p>\n<p dir=\"ltr\">Al certamen se dan cita jugadores de Canad\u00e1, Rusia, Reino Unido, Arabia Saudita, China, Espa\u00f1a, Finlandia, Sud\u00e1frica, Francia, Rumania, Argentina, Hait\u00ed, Honduras, Ecuador, entre otros pa\u00edses.<\/p>\n<p dir=\"ltr\">El evento fue elevado de nivel para esta edici\u00f3n por parte de la Federaci\u00f3n Internacional de Tenis (ITF), pasando de grado 4 a 3, siendo uno las pocas competiciones de esa categor\u00eda en Centroam\u00e9rica y el Caribe. En 14 a\u00f1os y menores, el torneo tiene el nivel 1, es decir, uno de los que m\u00e1s otorga puntos para el ranking de la Confederaci\u00f3n de Tenis de Centroam\u00e9rica y el Caribe (COTECC).<\/p>\n<p dir=\"ltr\">El evento se juega en sencillos y dobles, y otorga 100 puntos para el ranking ITF Junior a los campeones individuales y 75 para los doblistas. En U14, los ganadores se llevan 160 puntos para la clasificaci\u00f3n COTECC.<\/p>\n<p dir=\"ltr\">La Copa Merengue tiene como referee de la categor\u00eda de 18 a\u00f1os al cubano Abel \u00c1lvarez; en los 14 a\u00f1os al venezolano Erich Oviedo, y al dominicano Francisco De los Santos como jefe de los \u00e1rbitros nacionales.<\/p>\n","protected":false},"excerpt":{"rendered":"<p>El tenista criollo venci\u00f3 al guatemalteco Rafael Botr\u00e1n 36 62 63 para avanzar a la fase de los mejores cuatro jugadores del torneo, y enfrentar\u00e1 este mi\u00e9rcoles al mexicano Diego Schtulmann, primer sembrado.<\/p>\n","protected":false},"author":16,"featured_media":58074,"comment_status":"closed","ping_status":"closed","sticky":false,"template":"","format":"standard","meta":[],"categories":[2,60],"tags":[],"acf":[],"_links":{"self":[{"href":"https:\/\/colimdo.org\/wp-api\/wp\/v2\/posts\/58073"}],"collection":[{"href":"https:\/\/colimdo.org\/wp-api\/wp\/v2\/posts"}],"about":[{"href":"https:\/\/colimdo.org\/wp-api\/wp\/v2\/types\/post"}],"author":[{"embeddable":true,"href":"https:\/\/colimdo.org\/wp-api\/wp\/v2\/users\/16"}],"replies":[{"embeddable":true,"href":"https:\/\/colimdo.org\/wp-api\/wp\/v2\/comments?post=58073"}],"version-history":[{"count":1,"href":"https:\/\/colimdo.org\/wp-api\/wp\/v2\/posts\/58073\/revisions"}],"predecessor-version":[{"id":58075,"href":"https:\/\/colimdo.org\/wp-api\/wp\/v2\/posts\/58073\/revisions\/58075"}],"wp:featuredmedia":[{"embeddable":true,"href":"https:\/\/colimdo.org\/wp-api\/wp\/v2\/media\/58074"}],"wp:attachment":[{"href":"https:\/\/colimdo.org\/wp-api\/wp\/v2\/media?parent=58073"}],"wp:term":[{"taxonomy":"category","embeddable":true,"href":"https:\/\/colimdo.org\/wp-api\/wp\/v2\/categories?post=58073"},{"taxonomy":"post_tag","embeddable":true,"href":"https:\/\/colimdo.org\/wp-api\/wp\/v2\/tags?post=58073"}],"curies":[{"name":"wp","href":"https:\/\/api.w.org\/{rel}","templated":true}]}}