{"id":58079,"date":"2019-07-17T03:12:10","date_gmt":"2019-07-17T03:12:10","guid":{"rendered":"https:\/\/colimdo.org\/?p=58079"},"modified":"2019-07-17T03:12:10","modified_gmt":"2019-07-17T03:12:10","slug":"anuncian-copa-taekwondo-embajador-corea","status":"publish","type":"post","link":"https:\/\/colimdo.org\/noticias\/anuncian-copa-taekwondo-embajador-corea\/","title":{"rendered":"Anuncian Copa de Taekwondo Embajador de Corea"},"content":{"rendered":"<p>SANTO DOMINGO.-\u00a0 La tercera edici\u00f3n de la Copa de Taekwondo Embajador de Corea ser\u00e1 celebrada el 8 de agosto pr\u00f3ximo en el bajo techo del complejo deportivo de La Romana.<\/p>\n<p>Francisco Camacho, presidente de la Federaci\u00f3n Dominicana de Taekwondo y Arqu\u00edmedes De Jes\u00fas, presidente de la Asociaci\u00f3n de La Romana, coincidieron al sostener que todo est\u00e1 listo para la celebraci\u00f3n del evento que reunir\u00e1 a parte de los mejores competidores de la Rep\u00fablica Dominicana<\/p>\n<p>Camacho y De Jes\u00fas hicieron el anuncio en el marco de un encuentro que cont\u00f3 con la presencia del embajador de Corea en la Rep\u00fablica Dominicana, se\u00f1or Byung-yun Kim, as\u00ed como del consejero, se\u00f1or Jae June Lee, adem\u00e1s del secretario general de la Federaci\u00f3n Dominicana de Taekwondo, Oscar Maldadona.<\/p>\n<p>El embajador Byung-yun Kim agradeci\u00f3 a la federaci\u00f3n la dedicatoria del evento y reiter\u00f3 su decisi\u00f3n de seguir apoyando la justa, as\u00ed como el deporte en la Rep\u00fablica Dominicana.<\/p>\n<p>Camacho, por su parte, resalt\u00f3 \u00a0que en esta ocasi\u00f3n la justa servir\u00e1 de eliminatoria para la escogencia de cuatro atletas por el Kukkiwon en ruta a la Copa Mundial de Taekwondo Embajador de Corea, a celebrarse en Muju, Corea, del 12 al 15 de noviembre pr\u00f3ximo.<\/p>\n<p>\u201cEl Embajador de Corea en la Rep\u00fablica Dominicana, se\u00f1or Byung-yun Kim, ya confirm\u00f3 que estar\u00e1 en La Romana para encabezar el acto de apertura de la Copa Embajador de Corea en su tercera edici\u00f3n\u201d, a\u00f1adi\u00f3.<\/p>\n<p>La apertura est\u00e1 programada para las diez de la ma\u00f1ana y habr\u00e1 competencias durante todo el d\u00eda, de acuerdo con Camacho, principal dirigente del taekwondo en la Rep\u00fablica Dominicana.<\/p>\n<p>La Copa Embajador de Corea es un evento con el que sus organizadores reconocen\u00a0 el respaldo que tradicionalmente viene ofreciendo la Embajada de Corea al deporte dominicano, especialmente, al taekwondo.<\/p>\n<p>\u201cVemos este evento como una oportunidad m\u00e1s de seguir estrechando los lazos de amistad entre Corea y la Rep\u00fablica Dominicana\u201d, ha declarado \u00a0el Embajador de Corea en el pa\u00eds, se\u00f1or Byung-yun Kim<\/p>\n<p>Camacho destac\u00f3 que desde hace muchos a\u00f1os, el taekwondo dominicano viene recibiendo el respaldo de la Embajada de Corea.<\/p>\n<p>De su lado, el presidente de la Asociaci\u00f3n de Taekwondo de La Romana, Arqu\u00edmedes De Jes\u00fas,\u00a0 quien, adem\u00e1s es el director ejecutivo, asegur\u00f3 que todo est\u00e1 listo para la celebraci\u00f3n de la Copa y pronostic\u00f3 el \u00e9xito de la misma.<\/p>\n<p>Explic\u00f3 que la justa es organizada por la Asociaci\u00f3n de Taekwondo de La Romana, con el aval de la Federaci\u00f3n Dominicana de ese deporte y las reglas de la Federaci\u00f3n Mundial \u00a0de Taekwondo.<\/p>\n<p>Expuso que en el evento competir\u00e1n atletas de toda la geograf\u00eda nacional.\u00a0 \u201cSer\u00e1 una fiesta del taekwondo nacional\u201d, dijo.<\/p>\n","protected":false},"excerpt":{"rendered":"<p>Francisco Camacho, presidente de la Federaci\u00f3n Dominicana de Taekwondo y Arqu\u00edmedes De Jes\u00fas, presidente de la Asociaci\u00f3n de La Romana, coincidieron al sostener que todo est\u00e1 listo para la celebraci\u00f3n del evento que reunir\u00e1 a parte de los mejores competidores de la Rep\u00fablica Dominicana<\/p>\n","protected":false},"author":16,"featured_media":58080,"comment_status":"closed","ping_status":"closed","sticky":false,"template":"","format":"standard","meta":[],"categories":[2,60],"tags":[],"acf":[],"_links":{"self":[{"href":"https:\/\/colimdo.org\/wp-api\/wp\/v2\/posts\/58079"}],"collection":[{"href":"https:\/\/colimdo.org\/wp-api\/wp\/v2\/posts"}],"about":[{"href":"https:\/\/colimdo.org\/wp-api\/wp\/v2\/types\/post"}],"author":[{"embeddable":true,"href":"https:\/\/colimdo.org\/wp-api\/wp\/v2\/users\/16"}],"replies":[{"embeddable":true,"href":"https:\/\/colimdo.org\/wp-api\/wp\/v2\/comments?post=58079"}],"version-history":[{"count":1,"href":"https:\/\/colimdo.org\/wp-api\/wp\/v2\/posts\/58079\/revisions"}],"predecessor-version":[{"id":58081,"href":"https:\/\/colimdo.org\/wp-api\/wp\/v2\/posts\/58079\/revisions\/58081"}],"wp:featuredmedia":[{"embeddable":true,"href":"https:\/\/colimdo.org\/wp-api\/wp\/v2\/media\/58080"}],"wp:attachment":[{"href":"https:\/\/colimdo.org\/wp-api\/wp\/v2\/media?parent=58079"}],"wp:term":[{"taxonomy":"category","embeddable":true,"href":"https:\/\/colimdo.org\/wp-api\/wp\/v2\/categories?post=58079"},{"taxonomy":"post_tag","embeddable":true,"href":"https:\/\/colimdo.org\/wp-api\/wp\/v2\/tags?post=58079"}],"curies":[{"name":"wp","href":"https:\/\/api.w.org\/{rel}","templated":true}]}}