{"id":58082,"date":"2019-07-17T03:16:45","date_gmt":"2019-07-17T03:16:45","guid":{"rendered":"https:\/\/colimdo.org\/?p=58082"},"modified":"2019-07-17T03:16:45","modified_gmt":"2019-07-17T03:16:45","slug":"la-fedona-respalda-iniciativa-propone-piscina-parque-del-este","status":"publish","type":"post","link":"https:\/\/colimdo.org\/noticias\/la-fedona-respalda-iniciativa-propone-piscina-parque-del-este\/","title":{"rendered":"La Fedona respalda iniciativa que propone piscina en Parque del Este"},"content":{"rendered":"<p class=\"x_MsoNormal\">\n<p class=\"x_MsoNormal\">SANTO DOMINGO.- La Federaci\u00f3n Dominicana de Nataci\u00f3n (Fedona) salud\u00f3 la petici\u00f3n de la diputada Karen Ricardo que propone se construya una piscina ol\u00edmpica en el Parque del Este.<\/p>\n<p class=\"x_MsoNormal\">Mediante despacho de prensa, el presidente de la Fedona, Radham\u00e9s Tav\u00e1rez celebr\u00f3 la petici\u00f3n de Ricardo, ya que la misma servir\u00e1 para masificar y desarrollar la nataci\u00f3n, sobretodo en la provincia de Santo Domingo.<\/p>\n<p class=\"x_MsoNormal\">\u201cEs una gran iniciativa de la diputada Karen Ricardo. El proyecto servir\u00e1 para el desarrollo de la nataci\u00f3n en el municipio de Santo Domingo Este\u201d, declara Tav\u00e1rez.<\/p>\n<p class=\"x_MsoNormal\">Rememora que la Fedona desde el 2003 espera esos trabajos, cuando se hicieron las obras en el Parque del Este para los Juegos Panamericanos de Santo Domingo<\/p>\n<p class=\"x_MsoNormal\">La tambi\u00e9n precandidata a la alcald\u00eda de Santo Domingo Este, por el Partido de la Liberaci\u00f3n Dominicana (PLD), entreg\u00f3 al Ministro de Deportes, Danilo D\u00edaz, una propuesta para la construcci\u00f3n de la piscina ol\u00edmpica en el Parque del Este.<\/p>\n<p class=\"x_MsoNormal\">Adem\u00e1s, la actual diputada solicit\u00f3 un estadio de b\u00e9isbol, esto con alianzas p\u00fablico-privadas junto a jugadores de Grandes Ligas. As\u00ed como tambi\u00e9n la iluminaci\u00f3n nocturna del parque para la extensi\u00f3n de su horario de uso hasta las 10:00 de la noche.<\/p>\n<p class=\"x_MsoNormal\">Asimismo, Karen Ricardo pidi\u00f3 al ministro D\u00edaz un levantamiento de las diferentes necesidades deportivas \u201ccon miras a lograr lo que desde hace un tiempo proponemos declarar: Santo Domingo Este Municipio Ol\u00edmpico\u201d.<\/p>\n<p class=\"x_MsoNormal\">pies de fotos<\/p>\n","protected":false},"excerpt":{"rendered":"<p>Mediante despacho de prensa, el presidente de la Fedona, Radham\u00e9s Tav\u00e1rez celebr\u00f3 la petici\u00f3n de Ricardo, ya que la misma servir\u00e1 para masificar y desarrollar la nataci\u00f3n, sobretodo en la provincia de Santo Domingo.<\/p>\n","protected":false},"author":16,"featured_media":58083,"comment_status":"closed","ping_status":"closed","sticky":false,"template":"","format":"standard","meta":[],"categories":[2,60],"tags":[],"acf":[],"_links":{"self":[{"href":"https:\/\/colimdo.org\/wp-api\/wp\/v2\/posts\/58082"}],"collection":[{"href":"https:\/\/colimdo.org\/wp-api\/wp\/v2\/posts"}],"about":[{"href":"https:\/\/colimdo.org\/wp-api\/wp\/v2\/types\/post"}],"author":[{"embeddable":true,"href":"https:\/\/colimdo.org\/wp-api\/wp\/v2\/users\/16"}],"replies":[{"embeddable":true,"href":"https:\/\/colimdo.org\/wp-api\/wp\/v2\/comments?post=58082"}],"version-history":[{"count":1,"href":"https:\/\/colimdo.org\/wp-api\/wp\/v2\/posts\/58082\/revisions"}],"predecessor-version":[{"id":58084,"href":"https:\/\/colimdo.org\/wp-api\/wp\/v2\/posts\/58082\/revisions\/58084"}],"wp:featuredmedia":[{"embeddable":true,"href":"https:\/\/colimdo.org\/wp-api\/wp\/v2\/media\/58083"}],"wp:attachment":[{"href":"https:\/\/colimdo.org\/wp-api\/wp\/v2\/media?parent=58082"}],"wp:term":[{"taxonomy":"category","embeddable":true,"href":"https:\/\/colimdo.org\/wp-api\/wp\/v2\/categories?post=58082"},{"taxonomy":"post_tag","embeddable":true,"href":"https:\/\/colimdo.org\/wp-api\/wp\/v2\/tags?post=58082"}],"curies":[{"name":"wp","href":"https:\/\/api.w.org\/{rel}","templated":true}]}}