{"id":58112,"date":"2019-07-17T21:27:05","date_gmt":"2019-07-17T21:27:05","guid":{"rendered":"https:\/\/colimdo.org\/?p=58112"},"modified":"2019-07-17T21:27:29","modified_gmt":"2019-07-17T21:27:29","slug":"seleccion-judo-competira-campeonato-panam-cadete-junior","status":"publish","type":"post","link":"https:\/\/colimdo.org\/noticias\/seleccion-judo-competira-campeonato-panam-cadete-junior\/","title":{"rendered":"Selecci\u00f3n judo competir\u00e1 en campeonato Panam cadete y junior"},"content":{"rendered":"<p><strong>SANTO DOMINGO<\/strong>. Con un total de 10 competidores, la Rep\u00fablica Dominicana estar\u00e1 presente en el Campeonato Panamericano y Suramericano Cadetes sub-18 y Junior sub-21 en Coliseo El Pueblo, Santiago de Cali, Colombia.<\/p>\n<p>La representaci\u00f3n quisqueyana parti\u00f3 el mi\u00e9rcoles hacia Cali, Colombia, para tomar parte en el certamen, cuyas competencias arrancan este viernes, desde las 9:00 de la ma\u00f1ana, y concluyen el domingo.<\/p>\n<p>El seleccionado est\u00e1 conformado por los atletas Eliz\u00f2n de la Rosa, Leslie Sosa Hinojosa, Antfernee Leandro Pep\u00edn Cuevas, Antonio Tornal, Axel del Castillo, Albis Castro Matos, Ana Bonilla Rodr\u00edguez, Ram\u00f3n David Ram\u00edrez Corniel, Clara Barinas Ben\u00edtez y Hector Mosquea.<\/p>\n<p>Adem\u00e1s de los atletas, la delegaci\u00f3n de judo dominicana est\u00e1 integrada por los \u00e1rbitros Rolando Robles Gonz\u00e1lez y Juan Manuel Minier Valdez, as\u00ed como por los entrenadores Juan Carlos Jacinto y Creymailin Valdez Balbuena.<\/p>\n<p>Para este jueves, desde las 8:30 de la noche (9:30 pm hora dominicana) se llevar\u00e1 a cabo el pesaje oficial del Panamericano, mientras que el viernes, desde las 9:00 de la ma\u00f1ana (10:00 am hora dominicana) tendr\u00e1 lugar las competencias eliminatorias y desde las 4:00 de la tarde (5:00 pm hora dominicana) las finales de la categor\u00eda cadetes sub-18.<\/p>\n<p>El pesaje de la categor\u00eda Junior sub-21 ser\u00e1 despu\u00e9s de las competencias de cadetes para dejar todo listo para las reyertas el s\u00e1bado desde las 9:00 de la ma\u00f1ana (10:00 pm hora dominicana).<\/p>\n<p>El domingo cerrar\u00e1 el campeonato con las competencias eliminatorias, repechajes, disputa de medallas de bronce y finales del Campeonato Suramericano Cadetes y Junior sub-18 y sub-21.<\/p>\n","protected":false},"excerpt":{"rendered":"<p>Las competencias inician este viernes, desde las 9:00 de la ma\u00f1ana, en la categor\u00eda cadetes sub-18 en la ciudad Cali, en Colombia.<\/p>\n","protected":false},"author":13,"featured_media":58113,"comment_status":"closed","ping_status":"closed","sticky":false,"template":"","format":"standard","meta":[],"categories":[2,60],"tags":[],"acf":[],"_links":{"self":[{"href":"https:\/\/colimdo.org\/wp-api\/wp\/v2\/posts\/58112"}],"collection":[{"href":"https:\/\/colimdo.org\/wp-api\/wp\/v2\/posts"}],"about":[{"href":"https:\/\/colimdo.org\/wp-api\/wp\/v2\/types\/post"}],"author":[{"embeddable":true,"href":"https:\/\/colimdo.org\/wp-api\/wp\/v2\/users\/13"}],"replies":[{"embeddable":true,"href":"https:\/\/colimdo.org\/wp-api\/wp\/v2\/comments?post=58112"}],"version-history":[{"count":1,"href":"https:\/\/colimdo.org\/wp-api\/wp\/v2\/posts\/58112\/revisions"}],"predecessor-version":[{"id":58114,"href":"https:\/\/colimdo.org\/wp-api\/wp\/v2\/posts\/58112\/revisions\/58114"}],"wp:featuredmedia":[{"embeddable":true,"href":"https:\/\/colimdo.org\/wp-api\/wp\/v2\/media\/58113"}],"wp:attachment":[{"href":"https:\/\/colimdo.org\/wp-api\/wp\/v2\/media?parent=58112"}],"wp:term":[{"taxonomy":"category","embeddable":true,"href":"https:\/\/colimdo.org\/wp-api\/wp\/v2\/categories?post=58112"},{"taxonomy":"post_tag","embeddable":true,"href":"https:\/\/colimdo.org\/wp-api\/wp\/v2\/tags?post=58112"}],"curies":[{"name":"wp","href":"https:\/\/api.w.org\/{rel}","templated":true}]}}