{"id":58121,"date":"2019-07-17T22:16:06","date_gmt":"2019-07-17T22:16:06","guid":{"rendered":"https:\/\/colimdo.org\/?p=58121"},"modified":"2019-07-17T22:16:21","modified_gmt":"2019-07-17T22:16:21","slug":"cod-visita-atleta-triatlon-ira-los-juegos-panamericanos","status":"publish","type":"post","link":"https:\/\/colimdo.org\/noticias\/cod-visita-atleta-triatlon-ira-los-juegos-panamericanos\/","title":{"rendered":"COD visita atleta de triatl\u00f3n ir\u00e1 a los Juegos Panamericanos"},"content":{"rendered":"<p><strong>SANTO DOMINGO<\/strong>. El presidente del Comit\u00e9 Ol\u00edmpico Dominicano (COD), Luis Mej\u00eda Oviedo, en compa\u00f1\u00eda de los miembros del Comit\u00e9 Ejecutivo del COD, Gilberto Garc\u00eda, Edwin Rodr\u00edguez y Nelson Ram\u00edrez visitaron este martes a la atleta de triatl\u00f3n Camila Romero, quien se prepara para participar en los Juegos Panamericanos de Lima, Per\u00fa.<\/p>\n<p>La visita realizada por Mej\u00eda, junto a Garc\u00eda, Rodr\u00edguez y Ram\u00edrez, forma parte del programa de visita a los atletas que estar\u00e1n en los Panamericanos, desarrollado por el Comit\u00e9 Ol\u00edmpico Dominicano.<\/p>\n<p>El encuentro con Camila se efectu\u00f3 en el complejo acu\u00e1tico del Centro Ol\u00edmpico Juan Pablo Duarte, lugar donde la triatleta realiza sus entrenamientos de cara al a su participaci\u00f3n en el evento multideportivo m\u00e1s importante del continente.<\/p>\n<p>\u201cHemos venido para compartir en tus entrenamientos, porque no es lo mismo ver el sudor, la entrega y el sacrificio que hacen los atletas para representar al pa\u00eds. Venimos a recordarte que contamos contigo y que cuentas con nosotros\u201d expres\u00f3 Mej\u00eda a la joven atleta, sobre el motivo de su visita.<\/p>\n<p>Por su parte el presidente de la Federaci\u00f3n Dominicana de Triatl\u00f3n, Franklin de la Cruz, agradeci\u00f3 la visita realizada por el presidente del COD y los miembros del Comit\u00e9 Ejecutivo del organismo y mostr\u00f3 su satisfacci\u00f3n por el apoyo que ha recibido Romero en su programa de entrenamientos de preparaci\u00f3n para Lima 2019.<\/p>\n<p>El entrenador de Romero, el cubano Alfonso Gonz\u00e1lez destac\u00f3 las condiciones en la que se encuentra la atleta, tras cubrir efectivamente el plan de trabajo que han desarrollado hasta el momento.<\/p>\n<p>Camila logr\u00f3 su cupo a los Juegos Panamericanos, en el Campeonato Panamericano de Triatl\u00f3n celebrado en la ciudad de Salinas, Ecuador, el pasado a\u00f1o, tras finalizar en el sexto lugar entre las mejores competidoras de la regi\u00f3n.<\/p>\n<p>Camila ser\u00e1 parte de la delegaci\u00f3n de 208 atletas que tendr\u00e1 la Rep\u00fablica Dominicana en el certamen multideportivo continental que ser\u00e1 efectuado del 26 de este mes y hasta el 11 de agosto en Lima, Per\u00fa.<\/p>\n","protected":false},"excerpt":{"rendered":"<p>El encuentro se efectu\u00f3 en el complejo acu\u00e1tico del Centro Ol\u00edmpico, lugar donde la triatleta realiza sus entrenamientos de cara<\/p>\n","protected":false},"author":13,"featured_media":58122,"comment_status":"closed","ping_status":"closed","sticky":false,"template":"","format":"standard","meta":[],"categories":[2,60],"tags":[],"acf":[],"_links":{"self":[{"href":"https:\/\/colimdo.org\/wp-api\/wp\/v2\/posts\/58121"}],"collection":[{"href":"https:\/\/colimdo.org\/wp-api\/wp\/v2\/posts"}],"about":[{"href":"https:\/\/colimdo.org\/wp-api\/wp\/v2\/types\/post"}],"author":[{"embeddable":true,"href":"https:\/\/colimdo.org\/wp-api\/wp\/v2\/users\/13"}],"replies":[{"embeddable":true,"href":"https:\/\/colimdo.org\/wp-api\/wp\/v2\/comments?post=58121"}],"version-history":[{"count":1,"href":"https:\/\/colimdo.org\/wp-api\/wp\/v2\/posts\/58121\/revisions"}],"predecessor-version":[{"id":58123,"href":"https:\/\/colimdo.org\/wp-api\/wp\/v2\/posts\/58121\/revisions\/58123"}],"wp:featuredmedia":[{"embeddable":true,"href":"https:\/\/colimdo.org\/wp-api\/wp\/v2\/media\/58122"}],"wp:attachment":[{"href":"https:\/\/colimdo.org\/wp-api\/wp\/v2\/media?parent=58121"}],"wp:term":[{"taxonomy":"category","embeddable":true,"href":"https:\/\/colimdo.org\/wp-api\/wp\/v2\/categories?post=58121"},{"taxonomy":"post_tag","embeddable":true,"href":"https:\/\/colimdo.org\/wp-api\/wp\/v2\/tags?post=58121"}],"curies":[{"name":"wp","href":"https:\/\/api.w.org\/{rel}","templated":true}]}}