{"id":58137,"date":"2019-07-18T02:53:06","date_gmt":"2019-07-18T02:53:06","guid":{"rendered":"https:\/\/colimdo.org\/?p=58137"},"modified":"2019-07-18T02:53:06","modified_gmt":"2019-07-18T02:53:06","slug":"la-nba-anuncia-primer-campamento-juvenil-republica-dominicana","status":"publish","type":"post","link":"https:\/\/colimdo.org\/noticias\/la-nba-anuncia-primer-campamento-juvenil-republica-dominicana\/","title":{"rendered":"La NBA anuncia su primer campamento juvenil en Rep\u00fablica Dominicana"},"content":{"rendered":"<p>SANTO DOMINGO.- La National Basketball Association (NBA) anunci\u00f3 el lanzamiento del primer Jr. NBA Camp en Santo Domingo. Este evento de tres d\u00edas contar\u00e1 con la participaci\u00f3n de 108 j\u00f3venes de 14 a 16 a\u00f1os, provenientes de comunidades poco favorecidas de todo el pa\u00eds.<\/p>\n<p>El Jr. NBA Camp tendr\u00e1 lugar en el Carol Morgan School (CMS), colegio internacional que motiva a sus estudiantes a convertirse en l\u00edderes de una sociedad multicultural y global.<\/p>\n<p>El evento de tres d\u00edas, encabezado por la NBA y Al Horford, tendr\u00e1 pruebas dentro de la cancha, competencias y juegos de pr\u00e1ctica, adem\u00e1s de sesiones de habilidades para la vida impartidas por entrenadores, asistentes y personal de la liga que ayudar\u00e1n a inculcar los valores centrales campamento.<\/p>\n<p>\u201cEl primer Jr. NBA Camp en Rep\u00fablica Dominicana contin\u00faa fortaleciendo nuestros esfuerzos y nuestro compromiso con el crecimiento del basquetbol en el Caribe y en toda Am\u00e9rica Latina\u201d, dijo el Vicepresidente y Director General para Am\u00e9rica Latina de la NBA, Arnon de Mello.<\/p>\n<p>\u201cNos sentimos honrados de abrir nuestras puertas para el Jr. NBA Camp en Rep\u00fablica Dominicana\u201d, expres\u00f3 Nicolaas Mostert, Director General del CMS.\u00a0\u201cCreemos firmemente en el beneficio del deporte y el desarrollo juvenil\u201d.<\/p>\n","protected":false},"excerpt":{"rendered":"<p>El Jr. NBA Camp tendr\u00e1 lugar en el Carol Morgan School (CMS), colegio internacional que motiva a sus estudiantes a convertirse en l\u00edderes de una sociedad multicultural y global.<\/p>\n","protected":false},"author":16,"featured_media":58138,"comment_status":"closed","ping_status":"closed","sticky":false,"template":"","format":"standard","meta":[],"categories":[2,60],"tags":[],"acf":[],"_links":{"self":[{"href":"https:\/\/colimdo.org\/wp-api\/wp\/v2\/posts\/58137"}],"collection":[{"href":"https:\/\/colimdo.org\/wp-api\/wp\/v2\/posts"}],"about":[{"href":"https:\/\/colimdo.org\/wp-api\/wp\/v2\/types\/post"}],"author":[{"embeddable":true,"href":"https:\/\/colimdo.org\/wp-api\/wp\/v2\/users\/16"}],"replies":[{"embeddable":true,"href":"https:\/\/colimdo.org\/wp-api\/wp\/v2\/comments?post=58137"}],"version-history":[{"count":1,"href":"https:\/\/colimdo.org\/wp-api\/wp\/v2\/posts\/58137\/revisions"}],"predecessor-version":[{"id":58139,"href":"https:\/\/colimdo.org\/wp-api\/wp\/v2\/posts\/58137\/revisions\/58139"}],"wp:featuredmedia":[{"embeddable":true,"href":"https:\/\/colimdo.org\/wp-api\/wp\/v2\/media\/58138"}],"wp:attachment":[{"href":"https:\/\/colimdo.org\/wp-api\/wp\/v2\/media?parent=58137"}],"wp:term":[{"taxonomy":"category","embeddable":true,"href":"https:\/\/colimdo.org\/wp-api\/wp\/v2\/categories?post=58137"},{"taxonomy":"post_tag","embeddable":true,"href":"https:\/\/colimdo.org\/wp-api\/wp\/v2\/tags?post=58137"}],"curies":[{"name":"wp","href":"https:\/\/api.w.org\/{rel}","templated":true}]}}