{"id":58160,"date":"2019-07-18T16:06:22","date_gmt":"2019-07-18T16:06:22","guid":{"rendered":"https:\/\/colimdo.org\/?p=58160"},"modified":"2019-07-18T16:06:22","modified_gmt":"2019-07-18T16:06:22","slug":"lima-2019-designo-al-atleta-giorgio-mautino-alcalde-la-villa","status":"publish","type":"post","link":"https:\/\/colimdo.org\/noticias\/lima-2019-designo-al-atleta-giorgio-mautino-alcalde-la-villa\/","title":{"rendered":"Lima 2019 design\u00f3 al atleta Giorgio Mautino como alcalde de la Villa"},"content":{"rendered":"<p>LIMA2019.-\u00a0La Villa Panamericana y Parapanamericana, la sede que se convertir\u00e1 en el coraz\u00f3n de los juegos al albergar a m\u00e1s de nueve mil atletas y para atletas durante el desarrollo de Lima 2019, tiene alcalde. El exatleta Giorgio Mautino fue designado en el rol de anfitri\u00f3n de las 41 delegaciones que tomar\u00e1n parte, desde la pr\u00f3xima semana en la cita multideportiva.<\/p>\n<p>Mautino, quien ven\u00eda desempe\u00f1\u00e1ndose como asesor de deportes en la Direcci\u00f3n de Operaciones, tendr\u00e1 el encargo de recibir a las comitivas en una ceremonia especial que comenzar\u00e1 el martes 23, a las 10:00 horas, cuando se le d\u00e9 la bienvenida a Per\u00fa, cuya delegaci\u00f3n bordea los 600 atletas.<\/p>\n<p>\u201cSin duda ser\u00e1 una importante labor, donde el objetivo principal es hacer sentir a todos nuestros invitados como si estuvieran en casa y se lleven la mejor impresi\u00f3n de nuestra gente, nuestra ciudad y nuestro pa\u00eds\u201d, asegur\u00f3.<\/p>\n<p>Tras participar hoy de una visita y presentaci\u00f3n de la moderna pista de Patinaje de velocidad en San Miguel, Mautino se traslad\u00f3 a Villa El Salvador para recorrer la Villa y sus 1,096 departamentos. Recorri\u00f3 los distintos ambientes del lugar, el comedor, la denominada zona internacional donde se ofrecer\u00e1 una serie de servicios a los habitantes y a sus visitas.<\/p>\n","protected":false},"excerpt":{"rendered":"<p>Mautino, quien ven\u00eda desempe\u00f1\u00e1ndose como asesor de deportes en la Direcci\u00f3n de Operaciones, tendr\u00e1 el encargo de recibir a las comitivas en una ceremonia especial que comenzar\u00e1 el martes 23, a las 10:00 horas, cuando se le d\u00e9 la bienvenida a Per\u00fa, cuya delegaci\u00f3n bordea los 600 atletas.<\/p>\n","protected":false},"author":19,"featured_media":58161,"comment_status":"closed","ping_status":"closed","sticky":false,"template":"","format":"standard","meta":[],"categories":[2,60],"tags":[],"acf":[],"_links":{"self":[{"href":"https:\/\/colimdo.org\/wp-api\/wp\/v2\/posts\/58160"}],"collection":[{"href":"https:\/\/colimdo.org\/wp-api\/wp\/v2\/posts"}],"about":[{"href":"https:\/\/colimdo.org\/wp-api\/wp\/v2\/types\/post"}],"author":[{"embeddable":true,"href":"https:\/\/colimdo.org\/wp-api\/wp\/v2\/users\/19"}],"replies":[{"embeddable":true,"href":"https:\/\/colimdo.org\/wp-api\/wp\/v2\/comments?post=58160"}],"version-history":[{"count":1,"href":"https:\/\/colimdo.org\/wp-api\/wp\/v2\/posts\/58160\/revisions"}],"predecessor-version":[{"id":58162,"href":"https:\/\/colimdo.org\/wp-api\/wp\/v2\/posts\/58160\/revisions\/58162"}],"wp:featuredmedia":[{"embeddable":true,"href":"https:\/\/colimdo.org\/wp-api\/wp\/v2\/media\/58161"}],"wp:attachment":[{"href":"https:\/\/colimdo.org\/wp-api\/wp\/v2\/media?parent=58160"}],"wp:term":[{"taxonomy":"category","embeddable":true,"href":"https:\/\/colimdo.org\/wp-api\/wp\/v2\/categories?post=58160"},{"taxonomy":"post_tag","embeddable":true,"href":"https:\/\/colimdo.org\/wp-api\/wp\/v2\/tags?post=58160"}],"curies":[{"name":"wp","href":"https:\/\/api.w.org\/{rel}","templated":true}]}}