{"id":58167,"date":"2019-07-18T17:27:32","date_gmt":"2019-07-18T17:27:32","guid":{"rendered":"https:\/\/colimdo.org\/?p=58167"},"modified":"2019-07-18T17:27:32","modified_gmt":"2019-07-18T17:27:32","slug":"jorge-blass-pelearemos-medallas-los-eventos-participemos","status":"publish","type":"post","link":"https:\/\/colimdo.org\/noticias\/jorge-blass-pelearemos-medallas-los-eventos-participemos\/","title":{"rendered":"Jorge Blass: &#8220;Pelearemos por medallas en los eventos que participemos&#8221;"},"content":{"rendered":"<p>SANTO DOMINGO, JORGE LUIS TORRES.- El Presidente de la Federaci\u00f3n Dominicana de Ciclismo Jorge Blass conf\u00eda ue sus atletas har\u00e1n su mejor actuaci\u00f3n dentro de los Juegos Panamericanos de Lima, que ser\u00e1n celebrados del viernes 26 de este mes hasta el domingo 11 de agosto.<\/p>\n<p>&#8220;Tenemos buenas expectativas, contamos con nuestros muchachos, entendemos que ellos est\u00e1n en buenas condiciones. Tenemos claro que vamos a pelear por las medallas en los eventos que participemos y s\u00e9 que estamos bien parados, pueden esperar un buen resultado de nuestros atletas&#8221;, expres\u00f3 el Presidente de la Federaci\u00f3n Dominicana de Ciclismo, Jorge Blass dentro del programa de visitas que realiza el Comit\u00e9 Ejecutivo del COD.<\/p>\n<p>La Federaci\u00f3n Dominicana de Ciclismo (FEDOCI), recibi\u00f3 a la direcci\u00f3n ol\u00edmpica del Comit\u00e9 Ol\u00edmpico Dominicano mostr\u00e1ndole las condiciones de los atletas que representar\u00e1n la Bandera tricolor en Per\u00fa.<\/p>\n<p>Por otro lado, el Presidente del Comit\u00e9 Ol\u00edmpico Dominicano, Luis Mej\u00eda Oviedo, exhorta a los ciclista que se mantengan positivos y estimul\u00f3 a los atletas que sigan trabajando y hagan su mejor esfuerzo.<br \/>\n&#8220;Hemos querido venir a ustedes para observarlos y estimularlos como estamos haciendo en otros deportes y decirles que tambi\u00e9n forman parte de la delegaci\u00f3n y que es importante tenerlo en las mejores de las condiciones a todos.<\/p>\n<p>Estamos satisfechos de verlos y esperar de ustedes como siempre una buena actuaci\u00f3n, den el todo por el todo&#8221;, dijo el Mandatario Ol\u00edmpico a los atletas que se encontraban en la Federaci\u00f3n someti\u00e9ndose a una prueba de esfuerzo.<br \/>\nLa delegaci\u00f3n dominicana de ciclismo est\u00e1 compuesta por cuatro atletas: el campe\u00f3n nacional de ruta Giovanny Garc\u00eda, Junior Marte, Juana Fern\u00e1ndez y Wellintong Canela son los atletas representantes de la Rep\u00fablica Dominicana.<\/p>\n<p>&#8220;Nosotros llegaremos seis d\u00edas antes para as\u00ed ver como est\u00e1 las condiciones de la pista, como est\u00e1 el clima y as\u00ed medir cual ser\u00e1 el cambio m\u00e1s efectivo para los atletas&#8221;, adujo el entrenador de la delegaci\u00f3n dominicana de ciclismo, Eddy Medina.<\/p>\n<p>Los ciclistas participar\u00e1n en eventos de grupos, semifondos, pruebas por puntos, que se corren en los panamericanos en carreras de 35K y 120 vueltas, prueba Scracth, una carrera de ruta en la pista y la Madison que es un evento largo que se realiza de dos participantes por pa\u00eds.<\/p>\n","protected":false},"excerpt":{"rendered":"<p>La Federaci\u00f3n Dominicana de Ciclismo (FEDOCI), recibi\u00f3 a la direcci\u00f3n ol\u00edmpica del Comit\u00e9 Ol\u00edmpico Dominicano mostr\u00e1ndole las condiciones de los atletas que representar\u00e1n la Bandera tricolor en Per\u00fa. <\/p>\n","protected":false},"author":19,"featured_media":58168,"comment_status":"closed","ping_status":"closed","sticky":false,"template":"","format":"standard","meta":[],"categories":[2,60],"tags":[],"acf":[],"_links":{"self":[{"href":"https:\/\/colimdo.org\/wp-api\/wp\/v2\/posts\/58167"}],"collection":[{"href":"https:\/\/colimdo.org\/wp-api\/wp\/v2\/posts"}],"about":[{"href":"https:\/\/colimdo.org\/wp-api\/wp\/v2\/types\/post"}],"author":[{"embeddable":true,"href":"https:\/\/colimdo.org\/wp-api\/wp\/v2\/users\/19"}],"replies":[{"embeddable":true,"href":"https:\/\/colimdo.org\/wp-api\/wp\/v2\/comments?post=58167"}],"version-history":[{"count":1,"href":"https:\/\/colimdo.org\/wp-api\/wp\/v2\/posts\/58167\/revisions"}],"predecessor-version":[{"id":58169,"href":"https:\/\/colimdo.org\/wp-api\/wp\/v2\/posts\/58167\/revisions\/58169"}],"wp:featuredmedia":[{"embeddable":true,"href":"https:\/\/colimdo.org\/wp-api\/wp\/v2\/media\/58168"}],"wp:attachment":[{"href":"https:\/\/colimdo.org\/wp-api\/wp\/v2\/media?parent=58167"}],"wp:term":[{"taxonomy":"category","embeddable":true,"href":"https:\/\/colimdo.org\/wp-api\/wp\/v2\/categories?post=58167"},{"taxonomy":"post_tag","embeddable":true,"href":"https:\/\/colimdo.org\/wp-api\/wp\/v2\/tags?post=58167"}],"curies":[{"name":"wp","href":"https:\/\/api.w.org\/{rel}","templated":true}]}}