{"id":58178,"date":"2019-07-19T00:25:45","date_gmt":"2019-07-19T00:25:45","guid":{"rendered":"https:\/\/colimdo.org\/?p=58178"},"modified":"2019-07-19T00:26:00","modified_gmt":"2019-07-19T00:26:00","slug":"morales-ira-lima-promocionar-bolivia-sede-panam-2027","status":"publish","type":"post","link":"https:\/\/colimdo.org\/noticias\/morales-ira-lima-promocionar-bolivia-sede-panam-2027\/","title":{"rendered":"Morales ir\u00e1 a Lima a promocionar a Bolivia como sede Panam 2027"},"content":{"rendered":"<p><strong>La Paz, (EFE).-<\/strong> El presidente de Bolivia, Evo Morales, anunci\u00f3 este jueves su asistencia al acto inaugural de los Juegos Panamericanos de Lima 2019, con el objetivo de promocionar la candidatura de su pa\u00eds para acoger la edici\u00f3n de 2027.<\/p>\n<p>&#8220;Hemos decidido ir a la inauguraci\u00f3n de los Panamericanos, el 26 vamos a estar all\u00e1. Tenemos una reuni\u00f3n con la directiva de los Juegos Panamericanos, esperamos persuadir, convencer, tenemos muchos argumentos&#8221;, manifest\u00f3.<\/p>\n<p>Morales hizo el anuncio en un acto en la ciudad central de Cochabamba en el que entreg\u00f3 la bandera boliviana al raquetbolista Conrrado Moscoso, abanderado de Bolivia en Lima, y despidi\u00f3 a la delegaci\u00f3n que representar\u00e1 a su pa\u00eds en los juegos.<\/p>\n<p>En su discurso, el gobernante afirm\u00f3 que su Gobierno est\u00e1 en &#8220;campa\u00f1a para que en 2027 la sede sea Bolivia&#8221; y asegur\u00f3 que el asunto &#8220;est\u00e1 muy avanzado&#8221;, pues ha conversado con presidentes y dirigentes de la regi\u00f3n.<\/p>\n<p>El mandatario argument\u00f3 que la experiencia ganada al organizar los Juegos Suramericanos de 2018 en la regi\u00f3n de Cochabamba es la principal carta de Bolivia para postular como sede de los Panamericanos de 2027, un deseo que Morales ha expresado varias veces.<\/p>\n<p>Bolivia estar\u00e1 representada en Lima por m\u00e1s de 40 deportistas, superando a los 34 que participaron en los Panamericanos de Guadalajara 2011 y un n\u00famero similar que concurri\u00f3 a los de Toronto 2015.<\/p>\n<p>El abanderado de Bolivia es una de las opciones de podium de su pa\u00eds, tras ganar varias medallas en competiciones nacionales e internacionales, incluida una de plata en los Panamericanos de Toronto 2015 en dobles masculino junto a su compatriota Roland Keller.<\/p>\n<p>En aquel certamen tambi\u00e9n obtuvo un bronce en la categor\u00eda individual y otro en equipo masculino, junto a los hermanos Roland y Carlos Keller.<\/p>\n<p>Bolivia apunta a lograr medallas en r\u00e1quetbol, disciplina en la que competir\u00e1n Moscoso, los Keller, Kadim Carrasco y las deportistas Valeria Centellas, Stefanny Barrios y Jenny Daza.<\/p>\n<p>Morales expres\u00f3 su deseo de que &#8220;m\u00ednimamente&#8221; la delegaci\u00f3n boliviana retorne al pa\u00eds &#8220;con dos medallas de oro&#8221;.<\/p>\n<p>&#8220;S\u00e9 que no es sencillo, pero cuando hay compromiso, esfuerzo y sacrificio, es posible garantizar&#8221;, se\u00f1al\u00f3.<\/p>\n<p>Tambi\u00e9n ratific\u00f3 la promesa de premiar con 10.000 d\u00f3lares a quienes logren preseas de bronce, con 20.000 a quienes obtengan medallas plateadas y con 30.000 a quienes ganen el oro.<\/p>\n<p>El gobernante dese\u00f3 \u00e9xito a los deportistas y les pidi\u00f3 &#8220;disciplina&#8221; y &#8220;compromiso&#8221; para &#8220;defender la patria&#8221;.<\/p>\n","protected":false},"excerpt":{"rendered":"<p>El presidente de Bolivia hizo el anuncio en un acto en Cochabamba en el que entreg\u00f3 la bandera boliviana al raquetbolista abanderado Conrrado Moscoso.<\/p>\n","protected":false},"author":13,"featured_media":58179,"comment_status":"closed","ping_status":"closed","sticky":false,"template":"","format":"standard","meta":[],"categories":[2,60],"tags":[],"acf":[],"_links":{"self":[{"href":"https:\/\/colimdo.org\/wp-api\/wp\/v2\/posts\/58178"}],"collection":[{"href":"https:\/\/colimdo.org\/wp-api\/wp\/v2\/posts"}],"about":[{"href":"https:\/\/colimdo.org\/wp-api\/wp\/v2\/types\/post"}],"author":[{"embeddable":true,"href":"https:\/\/colimdo.org\/wp-api\/wp\/v2\/users\/13"}],"replies":[{"embeddable":true,"href":"https:\/\/colimdo.org\/wp-api\/wp\/v2\/comments?post=58178"}],"version-history":[{"count":1,"href":"https:\/\/colimdo.org\/wp-api\/wp\/v2\/posts\/58178\/revisions"}],"predecessor-version":[{"id":58180,"href":"https:\/\/colimdo.org\/wp-api\/wp\/v2\/posts\/58178\/revisions\/58180"}],"wp:featuredmedia":[{"embeddable":true,"href":"https:\/\/colimdo.org\/wp-api\/wp\/v2\/media\/58179"}],"wp:attachment":[{"href":"https:\/\/colimdo.org\/wp-api\/wp\/v2\/media?parent=58178"}],"wp:term":[{"taxonomy":"category","embeddable":true,"href":"https:\/\/colimdo.org\/wp-api\/wp\/v2\/categories?post=58178"},{"taxonomy":"post_tag","embeddable":true,"href":"https:\/\/colimdo.org\/wp-api\/wp\/v2\/tags?post=58178"}],"curies":[{"name":"wp","href":"https:\/\/api.w.org\/{rel}","templated":true}]}}