{"id":58181,"date":"2019-07-19T00:36:04","date_gmt":"2019-07-19T00:36:04","guid":{"rendered":"https:\/\/colimdo.org\/?p=58181"},"modified":"2019-07-19T00:36:22","modified_gmt":"2019-07-19T00:36:22","slug":"panama-da-garantia-juegos-centroamericanos-del-caribe-2022","status":"publish","type":"post","link":"https:\/\/colimdo.org\/noticias\/panama-da-garantia-juegos-centroamericanos-del-caribe-2022\/","title":{"rendered":"Panam\u00e1 da garant\u00eda a Juegos Centroamericanos y del Caribe 2022"},"content":{"rendered":"<p><strong>Panam\u00e1, (EFE).-<\/strong> El presidente de Panam\u00e1, Laurentino Cortizo, se comprometi\u00f3 este jueves a apoyar la organizaci\u00f3n de los Juegos Centroamericanos y del Caribe de 2022, y dio certeza de que Panam\u00e1 va a cumplir los requisitos a &#8220;cabalidad&#8221;.<\/p>\n<p>&#8220;Nuestro pa\u00eds merece unos juegos como Dios manda, y tengan la plena seguridad que el Gobierno Nacional brindar\u00e1 todo el apoyo&#8221;, destac\u00f3 el mandatario en su cuenta de Twitter.<\/p>\n<p>Cortizo prometi\u00f3 a los representantes de la Organizaci\u00f3n Deportiva Centroamericana y del Caribe (Odecabe) participar en las pr\u00f3ximas reuniones.<\/p>\n<p>&#8220;Que ellos sepan que hay un compromiso de verdad del pa\u00eds en celebrar los Juegos Centroamericanos y del Caribe&#8221;, explic\u00f3.<\/p>\n<p>Camilo Amado, presidente del Comit\u00e9 Ol\u00edmpico de Panam\u00e1 (COP), manifest\u00f3 que los resultados de la reuni\u00f3n han sido favorables y destac\u00f3 el apoyo &#8220;irrestricto&#8221; expresado por el presidente paname\u00f1o.<\/p>\n<p>&#8220;Creo que ha sido muy favorable todo, los juegos se ven cada vez m\u00e1s como una realidad&#8221;, subray\u00f3.<\/p>\n<p>A la reuni\u00f3n asisti\u00f3 el campe\u00f3n ol\u00edmpico paname\u00f1o de salto de longitud en Pek\u00edn 2008, Irving Saladino, en representaci\u00f3n de los deportistas.<\/p>\n<p>Saladino expres\u00f3 su satisfacci\u00f3n por los avances en la organizaci\u00f3n de los Juegos Centroamericanos y del Caribe Panam\u00e1 2022, pero a su vez dej\u00f3 claro que los deportistas &#8220;deben contar con todo el apoyo para participar en este evento deportivo&#8221;.<\/p>\n<p>El presidente de la Organizaci\u00f3n Deportiva Centroamericana y del Caribe, Steve Stoute, se quej\u00f3 en mayo pasado de las &#8220;promesas incumplidas&#8221; de las autoridades deportivas de Panam\u00e1 para organizar los juegos.<\/p>\n<p>&#8220;Espero que el nuevo gobierno cumpla con estos compromisos y que cumpla con el presupuesto (de 200 millones de d\u00f3lares) para los Juegos&#8221;, dijo entonces Stoute, que dio plazo a Panam\u00e1 hasta octubre para definir si ser\u00e1 sede de los Centroamericanos.<\/p>\n<p>En la reuni\u00f3n de este jueves tambi\u00e9n participaron el viceministro de la Presidencia, Juan Antonio Ducruet, el director del Instituto Paname\u00f1o de Deportes (Pandeportes), Eduardo Cerda; el alcalde de la ciudad de Panam\u00e1, Jos\u00e9 Luis F\u00e1brega; y el presidente de la Comisi\u00f3n de Cultura y Deporte del parlamento paname\u00f1o, el diputado H\u00e9ctor Brands.<\/p>\n<p>Panam\u00e1 albergar\u00eda por segunda vez Juegos Centroamericanos y del Caribe. La primera vez fue en 1970.<\/p>\n","protected":false},"excerpt":{"rendered":"<p>El presidente paname\u00f1o, Laurentino Cortizo, dio certeza este jueves de que Panam\u00e1 va a cumplir los requisitos a &#8220;cabalidad&#8221;.<\/p>\n","protected":false},"author":13,"featured_media":58182,"comment_status":"closed","ping_status":"closed","sticky":false,"template":"","format":"standard","meta":[],"categories":[2,60],"tags":[],"acf":[],"_links":{"self":[{"href":"https:\/\/colimdo.org\/wp-api\/wp\/v2\/posts\/58181"}],"collection":[{"href":"https:\/\/colimdo.org\/wp-api\/wp\/v2\/posts"}],"about":[{"href":"https:\/\/colimdo.org\/wp-api\/wp\/v2\/types\/post"}],"author":[{"embeddable":true,"href":"https:\/\/colimdo.org\/wp-api\/wp\/v2\/users\/13"}],"replies":[{"embeddable":true,"href":"https:\/\/colimdo.org\/wp-api\/wp\/v2\/comments?post=58181"}],"version-history":[{"count":1,"href":"https:\/\/colimdo.org\/wp-api\/wp\/v2\/posts\/58181\/revisions"}],"predecessor-version":[{"id":58183,"href":"https:\/\/colimdo.org\/wp-api\/wp\/v2\/posts\/58181\/revisions\/58183"}],"wp:featuredmedia":[{"embeddable":true,"href":"https:\/\/colimdo.org\/wp-api\/wp\/v2\/media\/58182"}],"wp:attachment":[{"href":"https:\/\/colimdo.org\/wp-api\/wp\/v2\/media?parent=58181"}],"wp:term":[{"taxonomy":"category","embeddable":true,"href":"https:\/\/colimdo.org\/wp-api\/wp\/v2\/categories?post=58181"},{"taxonomy":"post_tag","embeddable":true,"href":"https:\/\/colimdo.org\/wp-api\/wp\/v2\/tags?post=58181"}],"curies":[{"name":"wp","href":"https:\/\/api.w.org\/{rel}","templated":true}]}}