{"id":58188,"date":"2019-07-19T00:56:48","date_gmt":"2019-07-19T00:56:48","guid":{"rendered":"https:\/\/colimdo.org\/?p=58188"},"modified":"2019-07-19T00:57:10","modified_gmt":"2019-07-19T00:57:10","slug":"cono-sur-celebra-adhesion-chile-candidatura-del-mundial-2030","status":"publish","type":"post","link":"https:\/\/colimdo.org\/noticias\/cono-sur-celebra-adhesion-chile-candidatura-del-mundial-2030\/","title":{"rendered":"Cono Sur celebra adhesi\u00f3n Chile a candidatura del Mundial 2030"},"content":{"rendered":"<p><strong>Asunci\u00f3n, (EFE).-<\/strong> Argentina, Uruguay y Paraguay celebraron este jueves la adhesi\u00f3n oficial de Chile a la candidatura sudamericana para albergar el mundial de f\u00fatbol de 2030, con una reuni\u00f3n del grupo multilateral de trabajo en Asunci\u00f3n, donde buscan pulir detalles de la organizaci\u00f3n antes de presentar su propuesta.<\/p>\n<p>A la cita acudi\u00f3 el presidente de Paraguay, Mario Abdo Ben\u00edtez, quien puso en valor la incorporaci\u00f3n del pa\u00eds austral, que se certific\u00f3 este mi\u00e9rcoles durante la cumbre de mandatarios del Mercosur celebrada en la ciudad argentina de Santa Fe.<\/p>\n<p>&#8220;Va a ser la primera vez que hay una propuesta de cuatro pa\u00edses&#8221;, afirm\u00f3 Abdo Ben\u00edtez en una declaraci\u00f3n oficial, sin preguntas, ante los emisarios y embajadores de los cuatro pa\u00edses miembros del proyecto que se citaron en el Palacio de Gobierno de Asunci\u00f3n.<\/p>\n<p>El mandatario agreg\u00f3 que la candidatura cuenta con &#8220;argumentos e historia&#8221; para salir escogida, ya que supondr\u00eda el regreso de la cita mundialista a Uruguay, un siglo despu\u00e9s de que el pa\u00eds albergase la primera edici\u00f3n del torneo.<\/p>\n<p>&#8220;Con esta candidatura queremos rendir un homenaje al primer Mundial que se dio en Sudam\u00e9rica y que, al cumplir 100 a\u00f1os de aquel momento hist\u00f3rico, podemos volver a disfrutar del f\u00fatbol, que es nuestra pasi\u00f3n&#8221;, enfatiz\u00f3 Abdo Ben\u00edtez.<\/p>\n<p>Este mismo argumento fue replicado por el presidente de la Confederaci\u00f3n Sudamericana de F\u00fatbol (Conmebol), Alejandro Dom\u00ednguez, quien destac\u00f3 que &#8220;la pasi\u00f3n que tiene Sudam\u00e9rica no la tiene otro lugar del mundo&#8221;.<\/p>\n<p>&#8220;Es un grupo de trabajo que cree en grande, sue\u00f1a en grande, que quiere que el mundial en 2030 vuelva a Sudam\u00e9rica, donde inici\u00f3 esa historia que hoy une al mundo&#8221;, indic\u00f3.<\/p>\n<p>Tambi\u00e9n tom\u00f3 la palabra el coordinador general de la candidatura, Fernando Mar\u00edn, quien puso en valor el seguimiento del f\u00fatbol sudamericano en todo el mundo, despu\u00e9s de que la Copa Am\u00e9rica de Brasil fuera vista por m\u00e1s de 300 millones de personas en 200 pa\u00edses.<\/p>\n<p>El encuentro permitir\u00e1 seguir avanzando en los detalles institucionales de organizaci\u00f3n, sedes o infraestructura que marcar\u00e1n el \u00e9xito de la propuesta que ser\u00e1 evaluada en 2022, antes de que se celebre el Mundial de F\u00fatbol de Catar.<\/p>\n<p>En ese sentido, la ministra de Deporte de Chile, Pauline Kantor, abog\u00f3 por fortalecer los organismos multilaterales de la candidatura para &#8220;poder operar con recursos, traspasar fronteras&#8221;, entre los cuatro pa\u00edses miembros.<\/p>\n<p>La ministra chilena se mostr\u00f3 confiada en que este encuentro permita crear &#8220;una buena conversaci\u00f3n respecto a este modelo&#8221; compartido entre los cuatro pa\u00edses.<\/p>\n<p>En la \u00faltima reuni\u00f3n de los coordinadores de la candidatura sudamericana se debati\u00f3 un posible reparto de las sedes, que otorgar\u00eda seis escenarios a Argentina, cuatro a Chile y dos a Paraguay y Uruguay.<\/p>\n<p>El presidente paraguayo aprovech\u00f3 la cita para presentar un v\u00eddeo promocional de las dos sedes paraguayas que se establecer\u00edan en las ciudades de Asunci\u00f3n y Encarnaci\u00f3n.<\/p>\n<p>Entre los campos propuestos figura el estadio General Pablo Rojas, de Cerro Porte\u00f1o y con un aforo de 45.000 personas.<\/p>\n<p>Adem\u00e1s, tambi\u00e9n se present\u00f3 el estadio Villa Alegre de Encarnaci\u00f3n, que se encuentra en proceso de construcci\u00f3n, y que puede llegar a albergar unos 30.000 espectadores.<\/p>\n<p>Tras la uni\u00f3n de Chile, ahora el bloque deber\u00e1 decidir si tambi\u00e9n se incorpora al grupo Bolivia, que present\u00f3 una solicitud para ser subsede del evento.<\/p>\n","protected":false},"excerpt":{"rendered":"<p>Con una reuni\u00f3n del grupo multilateral de trabajo en Asunci\u00f3n, este jueves, buscan pulir detalles de la organizaci\u00f3n antes de presentar su propuesta.<\/p>\n","protected":false},"author":13,"featured_media":58189,"comment_status":"closed","ping_status":"closed","sticky":false,"template":"","format":"standard","meta":[],"categories":[2,60],"tags":[],"acf":[],"_links":{"self":[{"href":"https:\/\/colimdo.org\/wp-api\/wp\/v2\/posts\/58188"}],"collection":[{"href":"https:\/\/colimdo.org\/wp-api\/wp\/v2\/posts"}],"about":[{"href":"https:\/\/colimdo.org\/wp-api\/wp\/v2\/types\/post"}],"author":[{"embeddable":true,"href":"https:\/\/colimdo.org\/wp-api\/wp\/v2\/users\/13"}],"replies":[{"embeddable":true,"href":"https:\/\/colimdo.org\/wp-api\/wp\/v2\/comments?post=58188"}],"version-history":[{"count":1,"href":"https:\/\/colimdo.org\/wp-api\/wp\/v2\/posts\/58188\/revisions"}],"predecessor-version":[{"id":58190,"href":"https:\/\/colimdo.org\/wp-api\/wp\/v2\/posts\/58188\/revisions\/58190"}],"wp:featuredmedia":[{"embeddable":true,"href":"https:\/\/colimdo.org\/wp-api\/wp\/v2\/media\/58189"}],"wp:attachment":[{"href":"https:\/\/colimdo.org\/wp-api\/wp\/v2\/media?parent=58188"}],"wp:term":[{"taxonomy":"category","embeddable":true,"href":"https:\/\/colimdo.org\/wp-api\/wp\/v2\/categories?post=58188"},{"taxonomy":"post_tag","embeddable":true,"href":"https:\/\/colimdo.org\/wp-api\/wp\/v2\/tags?post=58188"}],"curies":[{"name":"wp","href":"https:\/\/api.w.org\/{rel}","templated":true}]}}