{"id":58202,"date":"2019-07-19T02:39:15","date_gmt":"2019-07-19T02:39:15","guid":{"rendered":"https:\/\/colimdo.org\/?p=58202"},"modified":"2019-07-19T02:39:15","modified_gmt":"2019-07-19T02:39:15","slug":"presidente-del-futbol-africano-prefiere-gradas-vacias-inseguridad-copa-naciones","status":"publish","type":"post","link":"https:\/\/colimdo.org\/noticias\/presidente-del-futbol-africano-prefiere-gradas-vacias-inseguridad-copa-naciones\/","title":{"rendered":"Presidente del f\u00fatbol africano prefiere gradas vac\u00edas a inseguridad en Copa de Naciones"},"content":{"rendered":"<p>AFP. Ante la pol\u00e9mica por la baja afluencia de p\u00fablico a los estadios de la Copa de \u00c1frica de Naciones de Egipto (CAN-2019), el presidente de la Confederaci\u00f3n Africana de F\u00fatbol (CAF), Ahmad Ahmad, declar\u00f3 este jueves que prefer\u00eda las gradas vac\u00edas a un sentimiento de inseguridad.<\/p>\n<p>\u201cComo responsable, ten\u00eda mucho m\u00e1s miedo de la inseguridad\u201d, afirm\u00f3 el dirigente malgache en El Cairo, tras la asamblea general de su organizaci\u00f3n.<\/p>\n<p>\u201cEgipto tom\u00f3 la decisi\u00f3n de poner en funcionamiento la Fan ID (una especie de acreditaci\u00f3n de hincha, indispensable para identificar a los compradores de entradas). Esta Fan ID ha frenado a la gente para ir al estadio\u201d, explic\u00f3.<\/p>\n<p>\u201cNo es f\u00e1cil conseguir algo perfecto, reuniendo todos los elementos, en apenas cinco meses (desde la designaci\u00f3n de la sede). Es un reto y siempre hay algo que no funciona\u201d, apunt\u00f3. \u201cEn la CAN-2021 (en Camer\u00fan) espero que no sea as\u00ed\u201d, sentenci\u00f3.<\/p>\n<p>Egipto asumi\u00f3 en enero la organizaci\u00f3n de esta CAN, en lugar de Camer\u00fan. Fue la primera Copa de \u00c1frica con 24 equipos, en vez de los 16 que ven\u00edan disputando la fase final del torneo hasta ahora.<\/p>\n<p>Los preparativos del torneo se enfrentaron a las grandes dudas sobre la seguridad, una cuesti\u00f3n que preocup\u00f3 todav\u00eda m\u00e1s por recientes atentados contra turistas extranjeros y contra la comunidad copta ortodoxa.<\/p>\n<p>Con la excepci\u00f3n de los partidos de la selecci\u00f3n de Egipto, que atra\u00edan en cada ocasi\u00f3n a 75.000 espectadores en El Cairo, el resto de encuentros de la CAN-2019 se jug\u00f3 con estadios con poco p\u00fablico.<\/p>\n<p>La final de la CAN-2019 se disputa el viernes, en la capital egipcia, entre las selecciones de Argelia y Senegal.<\/p>\n","protected":false},"excerpt":{"rendered":"<p>AFP. Ante la pol\u00e9mica por la baja afluencia de p\u00fablico a los estadios de la Copa de \u00c1frica de Naciones de Egipto (CAN-2019), el presidente de la Confederaci\u00f3n Africana de F\u00fatbol (CAF), Ahmad Ahmad, declar\u00f3 este jueves que prefer\u00eda las gradas vac\u00edas a un sentimiento de inseguridad. \u201cComo responsable, ten\u00eda mucho m\u00e1s miedo de la [&hellip;]<\/p>\n","protected":false},"author":16,"featured_media":58203,"comment_status":"closed","ping_status":"closed","sticky":false,"template":"","format":"standard","meta":[],"categories":[2,60],"tags":[],"acf":[],"_links":{"self":[{"href":"https:\/\/colimdo.org\/wp-api\/wp\/v2\/posts\/58202"}],"collection":[{"href":"https:\/\/colimdo.org\/wp-api\/wp\/v2\/posts"}],"about":[{"href":"https:\/\/colimdo.org\/wp-api\/wp\/v2\/types\/post"}],"author":[{"embeddable":true,"href":"https:\/\/colimdo.org\/wp-api\/wp\/v2\/users\/16"}],"replies":[{"embeddable":true,"href":"https:\/\/colimdo.org\/wp-api\/wp\/v2\/comments?post=58202"}],"version-history":[{"count":1,"href":"https:\/\/colimdo.org\/wp-api\/wp\/v2\/posts\/58202\/revisions"}],"predecessor-version":[{"id":58204,"href":"https:\/\/colimdo.org\/wp-api\/wp\/v2\/posts\/58202\/revisions\/58204"}],"wp:featuredmedia":[{"embeddable":true,"href":"https:\/\/colimdo.org\/wp-api\/wp\/v2\/media\/58203"}],"wp:attachment":[{"href":"https:\/\/colimdo.org\/wp-api\/wp\/v2\/media?parent=58202"}],"wp:term":[{"taxonomy":"category","embeddable":true,"href":"https:\/\/colimdo.org\/wp-api\/wp\/v2\/categories?post=58202"},{"taxonomy":"post_tag","embeddable":true,"href":"https:\/\/colimdo.org\/wp-api\/wp\/v2\/tags?post=58202"}],"curies":[{"name":"wp","href":"https:\/\/api.w.org\/{rel}","templated":true}]}}