{"id":58222,"date":"2019-07-19T03:17:43","date_gmt":"2019-07-19T03:17:43","guid":{"rendered":"https:\/\/colimdo.org\/?p=58222"},"modified":"2019-07-19T03:17:43","modified_gmt":"2019-07-19T03:17:43","slug":"real-madrid-se-despide-montreal-sin-benzema-dominicano-mariano","status":"publish","type":"post","link":"https:\/\/colimdo.org\/noticias\/real-madrid-se-despide-montreal-sin-benzema-dominicano-mariano\/","title":{"rendered":"Real Madrid se despide de Montreal sin Benzema y el dominicano Mariano"},"content":{"rendered":"<p>MONTREAL (EFE).- El Real Madrid complet\u00f3 su \u00faltima sesi\u00f3n de entrenamiento en Montreal, que abandonar\u00e1 en las pr\u00f3ximas horas para iniciar una nueva fase en su pretemporada con los primeros partidos de preparaci\u00f3n.<\/p>\n<p>A la jornada preparatoria se incorpor\u00f3 Sergio Ramos, ausente en la sesi\u00f3n del mi\u00e9rcoles, pero se quedaron al margen del grupo Karim Benzema y Mariano D\u00edaz, que trabajaron en el interior de las instalaciones.<\/p>\n<p>Tampoco estuvo sobre el c\u00e9sped de las instalaciones del Montreal Impact Brahim, que sigue con su particular proceso de recuperaci\u00f3n de la lesi\u00f3n muscular en el b\u00edceps femoral que sufri\u00f3 el pasado lunes.<\/p>\n<p>El entrenamiento dirigido por Zinedine Zidane comenz\u00f3 con una serie de ejercicios de posesi\u00f3n y presi\u00f3n. Despu\u00e9s, los jugadores se dividieron en dos equipos y disputaron partidos con porter\u00edas peque\u00f1as. Unas series de carrera completaron la jornada.<\/p>\n<p>De esta forma la plantilla del Real Madrid ech\u00f3 el cierre a su etapa en Montreal donde ha realizado catorce entrenamientos. La plantilla blanca afronta ahora su participaci\u00f3n en la International Chamions Cup en Estados Unidos.<\/p>\n<p>La expedici\u00f3n blanca partir\u00e1 en las pr\u00f3ximas horas hacia Houston, donde establecer\u00e1 su nuevo cuartel general. El plantel se entrenar\u00e1 en el NRG Stadium, donde perfilar\u00e1 su preparaci\u00f3n con miras a su primer partido de pretemporada, en la madrugada del viernes al s\u00e1bado en Espa\u00f1a, ante el Bayern M\u00fanich.<\/p>\n","protected":false},"excerpt":{"rendered":"<p>A la jornada preparatoria se incorpor\u00f3 Sergio Ramos, ausente en la sesi\u00f3n del mi\u00e9rcoles, pero se quedaron al margen del grupo Karim Benzema y Mariano D\u00edaz, que trabajaron en el interior de las instalaciones.<\/p>\n","protected":false},"author":16,"featured_media":58223,"comment_status":"closed","ping_status":"closed","sticky":false,"template":"","format":"standard","meta":[],"categories":[2,60],"tags":[],"acf":[],"_links":{"self":[{"href":"https:\/\/colimdo.org\/wp-api\/wp\/v2\/posts\/58222"}],"collection":[{"href":"https:\/\/colimdo.org\/wp-api\/wp\/v2\/posts"}],"about":[{"href":"https:\/\/colimdo.org\/wp-api\/wp\/v2\/types\/post"}],"author":[{"embeddable":true,"href":"https:\/\/colimdo.org\/wp-api\/wp\/v2\/users\/16"}],"replies":[{"embeddable":true,"href":"https:\/\/colimdo.org\/wp-api\/wp\/v2\/comments?post=58222"}],"version-history":[{"count":1,"href":"https:\/\/colimdo.org\/wp-api\/wp\/v2\/posts\/58222\/revisions"}],"predecessor-version":[{"id":58224,"href":"https:\/\/colimdo.org\/wp-api\/wp\/v2\/posts\/58222\/revisions\/58224"}],"wp:featuredmedia":[{"embeddable":true,"href":"https:\/\/colimdo.org\/wp-api\/wp\/v2\/media\/58223"}],"wp:attachment":[{"href":"https:\/\/colimdo.org\/wp-api\/wp\/v2\/media?parent=58222"}],"wp:term":[{"taxonomy":"category","embeddable":true,"href":"https:\/\/colimdo.org\/wp-api\/wp\/v2\/categories?post=58222"},{"taxonomy":"post_tag","embeddable":true,"href":"https:\/\/colimdo.org\/wp-api\/wp\/v2\/tags?post=58222"}],"curies":[{"name":"wp","href":"https:\/\/api.w.org\/{rel}","templated":true}]}}