{"id":58228,"date":"2019-07-19T03:29:39","date_gmt":"2019-07-19T03:29:39","guid":{"rendered":"https:\/\/colimdo.org\/?p=58228"},"modified":"2019-07-19T03:29:39","modified_gmt":"2019-07-19T03:29:39","slug":"moises-hernandez-medallista-panamericano-confundio-karate-taekwondo","status":"publish","type":"post","link":"https:\/\/colimdo.org\/noticias\/moises-hernandez-medallista-panamericano-confundio-karate-taekwondo\/","title":{"rendered":"Mois\u00e9s Hern\u00e1ndez el medallista panamericano que confundi\u00f3 el k\u00e1rate por taekwondo"},"content":{"rendered":"<p>Santo Domingo (EFE).- Todo naci\u00f3 de una confusi\u00f3n.<\/p>\n<p>El dominicano Mois\u00e9s Hern\u00e1ndez vio por televisi\u00f3n ganar una medalla de plata en los Juegos Ol\u00edmpicos de Pek\u00edn 2008 a su compatriota Gabriel Mercedes y fue tal su emoci\u00f3n que de inmediato se dijo a s\u00ed mismo que empezar\u00eda a practicar \u201ck\u00e1rate\u201d.<\/p>\n<p>En ese momento no sab\u00eda que lo que estaba presenciando era una competici\u00f3n de taekwondo.<\/p>\n<p>Ocho a\u00f1os despu\u00e9s de aquel malentendido, Hern\u00e1ndez disput\u00f3 en R\u00edo de Janeiro 2016 sus propios Juegos Ol\u00edmpicos y, aunque no tuvo el \u00e9xito de su \u00eddolo, su \u201choja de servicios\u201d ya lo hab\u00eda convertido en uno de los m\u00e1s destacados taekwondistas del continente americano en la categor\u00eda de -80 kilogramos.<\/p>\n<p>Ese historial contemplaba ya por entonces una plata en los Juegos Panamericanos de Toronto 2015 que ahora, en la edici\u00f3n de Lima 2019, quiere convertir en oro.<\/p>\n<p>\u201cPara m\u00ed no fue una sorpresa la plata de Toronto. Para eso trabajamos. Fue una final bastante re\u00f1ida y ahora estoy enfocado en redoblar esfuerzos para alcanzar el oro en Lima 2019\u201d, dijo Hern\u00e1ndez en entrevista concedida a Efe.<\/p>\n<p>Ese segundo lugar en los Juegos de la ciudad canadiense en 2015 fue un gran salto en comparaci\u00f3n con el bronce que obtuvo en los Juegos Centroamericanos y del Caribe de Veracruz 2014.<\/p>\n<p>De ese tercer lugar, el atleta de 26 a\u00f1os pas\u00f3 a lo m\u00e1s alto del podio en la cita centroamericana y caribe\u00f1a del a\u00f1o pasado en Barranquilla (Colombia).<\/p>\n<p>La experiencia acumulada y sus \u201cganas\u201d de convertirse en medallista ol\u00edmpico impulsan al dominicano a continuar su carrera deportiva, siguiendo una preparaci\u00f3n rigurosa pero sin abandonar sus estudios de medicina.<\/p>\n<p>El dominicano es consciente de que el deporte de alta competici\u00f3n es \u201cultra exigente\u201d y de que siempre hay que tratar de estar a la altura de los mejores.<\/p>\n<p>\u201cSiempre es posible mejorar y aprender. Cada d\u00eda se adquiere una nueva experiencia y nuevos conocimientos\u201d, indic\u00f3 en tono muy pausado, tras concluir una sesi\u00f3n de cuatro horas de entrenamientos.<\/p>\n<p>Agreg\u00f3, a modo de reflexi\u00f3n, que un atleta puede pasar cinco o seis a\u00f1os prepar\u00e1ndose para tal o cual evento y que el d\u00eda esperado \u201clo da\u00f1e\u201d por cualquier situaci\u00f3n.<\/p>\n<p>\u201cRealmente, hay momentos dif\u00edciles en esto. Hay altas y bajas. En ocasiones me he preguntado para qu\u00e9 entreno, baja mi \u00e1nimo, pero cualquiera de mis compa\u00f1eros me alienta y me da fuerzas para continuar\u201d, opin\u00f3 Hern\u00e1ndez, sin querer ahondar en sus palabras.<\/p>\n<p>Durante la entrevista admiti\u00f3 lo estresante que puede llegar a ser el taekwondo, por el n\u00famero de combates que afronta cada atleta en un solo d\u00eda.<\/p>\n<p>\u201cPero eso lo combatimos entrenando, prepar\u00e1ndonos f\u00edsica y psicol\u00f3gicamente. Siempre me digo que el rival m\u00e1s fuerte para m\u00ed soy yo mismo. Vencerme en los entrenamientos es mi meta, para as\u00ed tener la capacidad de hacerlo contra mi rival\u201d, afirm\u00f3.<\/p>\n<p>Aunque su retiro del tatami no est\u00e1 en los planes cercanos de Hern\u00e1ndez, confes\u00f3 a Efe que cuando ese momento llegue quiere ser recordado como un \u201cgran campe\u00f3n\u201d de taekwondo.<\/p>\n<p>\u201cEse ser\u00eda mi gran legado como atleta, ser reconocido de manera positiva\u201d, destac\u00f3 el nativo de la provincia dominicana de San Juan (suroeste).<\/p>\n<p>El taekwondo es una de las disciplinas que m\u00e1s \u00e9xitos depara a Rep\u00fablica Dominicana, pues adem\u00e1s de aquella plata de Mercedes en Pek\u00edn, Luisito Pie, en -58 kilos, fue el \u00fanico atleta de ese pa\u00eds que subi\u00f3 al podio en R\u00edo 2016.<\/p>\n<p>Mois\u00e9s Hern\u00e1ndez ocupa el s\u00e9ptimo lugar en el r\u00e1nking mundial de la Federaci\u00f3n Internacional de Taekwondo en los -80 kilos. Ning\u00fan otro taekwondista le supera en Am\u00e9rica.<\/p>\n<p>\u201cDespu\u00e9s de los Panamericanos (de Lima), toda mi concentraci\u00f3n estar\u00e1 dirigida a la clasificaci\u00f3n para los Juegos Ol\u00edmpicos de Tokio (2020). En 2016 no fue posible, pero ahora vamos con todo\u201d, asegur\u00f3.<\/p>\n<p>Ante sus pr\u00f3ximos retos, de lo que Hern\u00e1ndez est\u00e1 seguro es que no puede fiarse de rival alguno.<\/p>\n<p>\u201cEn taekwondo decimos que todo el que tiene dos pies puede ganar. Cualquiera que entra al ring pueda darte una sorpresa y acabar con tus sue\u00f1os\u201d, advirti\u00f3 Hern\u00e1ndez.<\/p>\n","protected":false},"excerpt":{"rendered":"<p>El dominicano Mois\u00e9s Hern\u00e1ndez vio por televisi\u00f3n ganar una medalla de plata en los Juegos Ol\u00edmpicos de Pek\u00edn 2008 a su compatriota Gabriel Mercedes y fue tal su emoci\u00f3n que de inmediato se dijo a s\u00ed mismo que empezar\u00eda a practicar \u201ck\u00e1rate\u201d.<\/p>\n","protected":false},"author":16,"featured_media":58229,"comment_status":"closed","ping_status":"closed","sticky":false,"template":"","format":"standard","meta":[],"categories":[2,60],"tags":[],"acf":[],"_links":{"self":[{"href":"https:\/\/colimdo.org\/wp-api\/wp\/v2\/posts\/58228"}],"collection":[{"href":"https:\/\/colimdo.org\/wp-api\/wp\/v2\/posts"}],"about":[{"href":"https:\/\/colimdo.org\/wp-api\/wp\/v2\/types\/post"}],"author":[{"embeddable":true,"href":"https:\/\/colimdo.org\/wp-api\/wp\/v2\/users\/16"}],"replies":[{"embeddable":true,"href":"https:\/\/colimdo.org\/wp-api\/wp\/v2\/comments?post=58228"}],"version-history":[{"count":1,"href":"https:\/\/colimdo.org\/wp-api\/wp\/v2\/posts\/58228\/revisions"}],"predecessor-version":[{"id":58230,"href":"https:\/\/colimdo.org\/wp-api\/wp\/v2\/posts\/58228\/revisions\/58230"}],"wp:featuredmedia":[{"embeddable":true,"href":"https:\/\/colimdo.org\/wp-api\/wp\/v2\/media\/58229"}],"wp:attachment":[{"href":"https:\/\/colimdo.org\/wp-api\/wp\/v2\/media?parent=58228"}],"wp:term":[{"taxonomy":"category","embeddable":true,"href":"https:\/\/colimdo.org\/wp-api\/wp\/v2\/categories?post=58228"},{"taxonomy":"post_tag","embeddable":true,"href":"https:\/\/colimdo.org\/wp-api\/wp\/v2\/tags?post=58228"}],"curies":[{"name":"wp","href":"https:\/\/api.w.org\/{rel}","templated":true}]}}