{"id":58231,"date":"2019-07-19T03:34:47","date_gmt":"2019-07-19T03:34:47","guid":{"rendered":"https:\/\/colimdo.org\/?p=58231"},"modified":"2019-07-19T03:34:47","modified_gmt":"2019-07-19T03:34:47","slug":"suero-correa-reafirma-compromiso-atletismo-cara-juegos-panamericanos","status":"publish","type":"post","link":"https:\/\/colimdo.org\/noticias\/suero-correa-reafirma-compromiso-atletismo-cara-juegos-panamericanos\/","title":{"rendered":"Suero Correa reafirma compromiso de atletismo de cara a Juegos Panamericanos"},"content":{"rendered":"<div class=\"x_ydp448528a2yahoo-style-wrap\">\n<div id=\"x_ydp448528a2yiv2045536372\">\n<div class=\"x_ydp448528a2yiv2045536372ydpa9eae49eyahoo-style-wrap\">SANTO DOMINGO. El presidente de la Federaci\u00f3n Dominicana de Asociaciones de Atletismo (FDAA), Gerardo Suero Correa, rectific\u00f3 el compromiso de los atletas de la federaci\u00f3n que dirige, de representar al pa\u00eds con la altura en los Juegos Panamericanos de Lima, Per\u00fa.<\/div>\n<div><\/div>\n<div class=\"x_ydp448528a2yiv2045536372ydpa9eae49eyahoo-style-wrap\">\u201cEstos j\u00f3venes atletas\u00a0 que est\u00e1n aqu\u00ed, dar\u00e1n lo mejor para poner el nombre de la Rep\u00fablica Dominicana en alto\u201d dijo Suero Correa, durante la visita realizada por presidente del Comit\u00e9 Ol\u00edmpico Dominicano (COD), Luis Mej\u00eda Oviedo, el Jefe de Misi\u00f3n de la Delegaci\u00f3n Dominicana para los Juegos Panamericanos, Garibaldy Bautista y los miembros del Comit\u00e9 Ejecutivo del COD, Gilberto Garc\u00eda, Edwin Rodr\u00edguez y Nelson Ram\u00edrez, a los atletismo en el Centro Ol\u00edmpico Juan Pablo Duarte.<\/div>\n<\/div>\n<\/div>\n<div id=\"x_ydp765402b1yiv2045536372yqt69739\" class=\"x_ydp765402b1yiv2045536372yqt9436029903\">\n<div id=\"x_ydp765402b1yiv2045536372ydp554d1464yahoo_quoted_3626376731\" class=\"x_ydp765402b1yiv2045536372ydp554d1464yahoo_quoted\">\n<div id=\"x_ydp765402b1yiv2045536372ydp554d1464yiv8136116558\">\n<div class=\"x_ydp765402b1yiv2045536372ydp554d1464yiv8136116558yahoo-style-wrap\">\n<div dir=\"ltr\">\n<p class=\"x_ydp765402b1yiv2045536372ydp554d1464yiv8136116558ydpc294624dMsoNormal\">\u201cHemos venido a ver los entrenamientos, porque las medallas no se ganan aplaudiendo desde las gradas, hay que trabajar, sudar y apoyarlos para poder celebrar las medallas y en eso estamos hoy aqu\u00ed\u201d, dijo Mej\u00eda al hablar con los miembros del equipo dominicano de atletismo, en la pista de entrenamiento.<\/p>\n<p class=\"x_ydp765402b1yiv2045536372ydp554d1464yiv8136116558ydpc294624dMsoNormal\">En el encuentro con los federados, estuvieron presente los atletas, Christopher Valdez, Mayovanex De Oleo, Yancarlos Mart\u00ednez, Lidio Feliz, Luguelin Santos, Juander Santos, Jos\u00e9 Gonz\u00e1lez, Leonel Bonon, Luis Charles, Mariely S\u00e1nchez\u00a0 y Marileidy Paulino, y el entrenador y doble medallista ol\u00edmpico en los 400 metros con vallas F\u00e9lix S\u00e1nchez, quienes lograron sus cupos el pasado a\u00f1o en los Juegos Centroamericanos de Barranquilla, Colombia y en el Gran Prix efectuado este a\u00f1o en la ciudad de Cali.<\/p>\n<p class=\"x_ydp765402b1yiv2045536372ydp554d1464yiv8136116558ydpc294624dMsoNormal\">\u201cNos agrada ver c\u00f3mo est\u00e1n aqu\u00ed entrenando desde las 6:00 de la ma\u00f1ana, cuando la mayor\u00eda de la gente a\u00fan est\u00e1 dormida, eso se llama responsabilidad y compromiso\u201d destac\u00f3 Mej\u00eda, quien se\u00f1al\u00f3 a los atletas la confianza que tiene el pa\u00eds en la actuaciones de cada uno de ellos en los Juegos Panamericanos.<\/p>\n<p class=\"x_ydp765402b1yiv2045536372ydp554d1464yiv8136116558ydpc294624dMsoNormal\">Una confianza que fue reiterada por el Jefe de Misi\u00f3n de la Delegaci\u00f3n Dominicana que ir\u00e1 a Lima, Garibaldi Bautista al expresar, &#8220;estamos confiados de que su participaci\u00f3n estar\u00e1 a la altura del nivel de atletas que son ustedes\u201d.<\/p>\n<p class=\"x_ydp765402b1yiv2045536372ydp554d1464yiv8136116558ydpc294624dMsoNormal\">La visita a los atletas de atletismo, es parte del programa de visitas a los delegaciones nacionales que participar\u00e1n en los Juegos Panamericanos de Lima, que viene implementando el Comit\u00e9 Ol\u00edmpico Dominicano.<\/p>\n<p class=\"x_ydp765402b1yiv2045536372ydp554d1464yiv8136116558ydpc294624dMsoNormal\">La Rep\u00fablica Dominicana contar\u00e1 con un total de 209, que representar\u00e1n al pa\u00eds en 32 disciplinas deportivas en el certamen a celebrarse del 26 de este mes y hasta el 11 de agosto en Lima, Per\u00fa.<\/p>\n<\/div>\n<\/div>\n<\/div>\n<\/div>\n<\/div>\n","protected":false},"excerpt":{"rendered":"<p>El atletismo es una de las esperanzas de medalla para el pa\u00eds en los Juegos Panamericanos.<\/p>\n","protected":false},"author":16,"featured_media":58232,"comment_status":"closed","ping_status":"closed","sticky":false,"template":"","format":"standard","meta":[],"categories":[2,60],"tags":[],"acf":[],"_links":{"self":[{"href":"https:\/\/colimdo.org\/wp-api\/wp\/v2\/posts\/58231"}],"collection":[{"href":"https:\/\/colimdo.org\/wp-api\/wp\/v2\/posts"}],"about":[{"href":"https:\/\/colimdo.org\/wp-api\/wp\/v2\/types\/post"}],"author":[{"embeddable":true,"href":"https:\/\/colimdo.org\/wp-api\/wp\/v2\/users\/16"}],"replies":[{"embeddable":true,"href":"https:\/\/colimdo.org\/wp-api\/wp\/v2\/comments?post=58231"}],"version-history":[{"count":1,"href":"https:\/\/colimdo.org\/wp-api\/wp\/v2\/posts\/58231\/revisions"}],"predecessor-version":[{"id":58233,"href":"https:\/\/colimdo.org\/wp-api\/wp\/v2\/posts\/58231\/revisions\/58233"}],"wp:featuredmedia":[{"embeddable":true,"href":"https:\/\/colimdo.org\/wp-api\/wp\/v2\/media\/58232"}],"wp:attachment":[{"href":"https:\/\/colimdo.org\/wp-api\/wp\/v2\/media?parent=58231"}],"wp:term":[{"taxonomy":"category","embeddable":true,"href":"https:\/\/colimdo.org\/wp-api\/wp\/v2\/categories?post=58231"},{"taxonomy":"post_tag","embeddable":true,"href":"https:\/\/colimdo.org\/wp-api\/wp\/v2\/tags?post=58231"}],"curies":[{"name":"wp","href":"https:\/\/api.w.org\/{rel}","templated":true}]}}