{"id":58267,"date":"2019-07-19T15:39:47","date_gmt":"2019-07-19T15:39:47","guid":{"rendered":"https:\/\/colimdo.org\/?p=58267"},"modified":"2019-07-19T15:54:41","modified_gmt":"2019-07-19T15:54:41","slug":"pentatlon-objetivo-subir-al-podium-panamericanos-lima","status":"publish","type":"post","link":"https:\/\/colimdo.org\/noticias\/pentatlon-objetivo-subir-al-podium-panamericanos-lima\/","title":{"rendered":"Pentatl\u00f3n con el objetivo de subir al p\u00f3dium en Panamericanos de Lima"},"content":{"rendered":"<p>SANTO DOMINGO.- La selecci\u00f3n nacional de pentatl\u00f3n moderno dej\u00f3 su huella en los pasados Juegos Centroamericanos y del Caribe en Barranquilla, Colombia, al conquistar la medalla de bronce. Tras esta actuaci\u00f3n la meta que se han trazado es volver a subir al p\u00f3dium en los Juegos Panamericanos que inician el pr\u00f3ximo 26 de este mes y finalizan el 11 de agosto en Lima, Per\u00fa.<\/p>\n<p>\u201cHicimos un gran trabajo en los Juegos Centroamericanos y del Caribe donde obtuvimos una medalla de bronce en relevo masculino y venimos haciendo un trabajo focalizado y\u00a0\u00a0fuerte para luchar por una medalla en los Juegos Panamericanos\u201d, expres\u00f3 Orlando Salvador Delgado, entrenador de la selecci\u00f3n nacional de pentatl\u00f3n moderno.<\/p>\n<p>Las declaraciones de Salvador fueron emitidas durante la visita realizada a los entrenamientos de esta disciplina al complejo Acu\u00e1tico del Centro Ol\u00edmpico Juan Pablo Duarte, por los miembros del Comit\u00e9 Ejecutivo del Comit\u00e9 Ol\u00edmpico Dominicano, Gilberto Garc\u00eda, Edwin Rodr\u00edguez y Nelson Ram\u00edrez, junto al presidente del organismo, Luis Mej\u00eda Oviedo.<\/p>\n<p>Para el entrenador del equipo dominicano de esta disciplina deportiva, el cual componen los atletas Brayan\u00a0\u00a0\u00a0\u00a0Almonte, Gabriel Dom\u00ednguez, Ana Leidys Arias y Katherine Nicole Garrido, los Juegos Panamericanos constituyen un reto a un mayor que cualquier otra competencia en las que sus dirigidos han participado, pero conf\u00eda en que podr\u00e1n hacer un gran trabajo.<\/p>\n<p>\u201cEs una selecci\u00f3n muy joven y sabemos que la competencia va a ser dura, porque todo el mundo se prepara muy bien para estos juegos, pero el objetivo es hacer un buen papel y obtener una medalla para la Rep\u00fablica Dominicana\u201d.<\/p>\n<p>Por su parte el presidente del COD, Luis Mej\u00eda Oviedo, calific\u00f3 la visita como una muestra de apoyo al esfuerzo que realizan estos atletas para representar al pa\u00eds con dignidad y responsabilidad en la cita multideportiva m\u00e1s importante del continente.<\/p>\n<p>\u201cCuando un atleta hace el esfuerzo que hacen ustedes, es bueno venir y acompa\u00f1arles, para que sientan y sepan que estamos con ustedes\u201d, extern\u00f3 Mej\u00eda Oviedo.<\/p>\n<p>El seleccionado nacional de pentatl\u00f3n, que forma parte de los 209 atletas que componen la Delegaci\u00f3n Dominicana que estar\u00e1 en el certamen multideportivo, estar\u00e1\u00a0\u00a0accionando en estos Juegos en las modalidades\u00a0\u00a0individual masculino y femenino, relevo masculino y femenino y relevo mixto.<\/p>\n","protected":false},"excerpt":{"rendered":"<p>La selecci\u00f3n nacional de pentatl\u00f3n moderno dej\u00f3 su huella en los pasados Juegos Centroamericanos y del Caribe en Barranquilla, Colombia, al conquistar la medalla de bronce. Tras esta actuaci\u00f3n la meta que se han trazado es volver a subir al p\u00f3dium en los Juegos Panamericanos que inician el pr\u00f3ximo 26 de este mes y finalizan el 11 de agosto en Lima, Per\u00fa.<\/p>\n","protected":false},"author":19,"featured_media":58272,"comment_status":"closed","ping_status":"closed","sticky":false,"template":"","format":"standard","meta":[],"categories":[2,60],"tags":[],"acf":[],"_links":{"self":[{"href":"https:\/\/colimdo.org\/wp-api\/wp\/v2\/posts\/58267"}],"collection":[{"href":"https:\/\/colimdo.org\/wp-api\/wp\/v2\/posts"}],"about":[{"href":"https:\/\/colimdo.org\/wp-api\/wp\/v2\/types\/post"}],"author":[{"embeddable":true,"href":"https:\/\/colimdo.org\/wp-api\/wp\/v2\/users\/19"}],"replies":[{"embeddable":true,"href":"https:\/\/colimdo.org\/wp-api\/wp\/v2\/comments?post=58267"}],"version-history":[{"count":2,"href":"https:\/\/colimdo.org\/wp-api\/wp\/v2\/posts\/58267\/revisions"}],"predecessor-version":[{"id":58282,"href":"https:\/\/colimdo.org\/wp-api\/wp\/v2\/posts\/58267\/revisions\/58282"}],"wp:featuredmedia":[{"embeddable":true,"href":"https:\/\/colimdo.org\/wp-api\/wp\/v2\/media\/58272"}],"wp:attachment":[{"href":"https:\/\/colimdo.org\/wp-api\/wp\/v2\/media?parent=58267"}],"wp:term":[{"taxonomy":"category","embeddable":true,"href":"https:\/\/colimdo.org\/wp-api\/wp\/v2\/categories?post=58267"},{"taxonomy":"post_tag","embeddable":true,"href":"https:\/\/colimdo.org\/wp-api\/wp\/v2\/tags?post=58267"}],"curies":[{"name":"wp","href":"https:\/\/api.w.org\/{rel}","templated":true}]}}