{"id":58296,"date":"2019-07-19T16:13:42","date_gmt":"2019-07-19T16:13:42","guid":{"rendered":"https:\/\/colimdo.org\/?p=58296"},"modified":"2019-07-19T16:13:42","modified_gmt":"2019-07-19T16:13:42","slug":"neymar-messi-formabamos-duo-genial","status":"publish","type":"post","link":"https:\/\/colimdo.org\/noticias\/neymar-messi-formabamos-duo-genial\/","title":{"rendered":"Neymar: &#8220;Messi y yo form\u00e1bamos un d\u00fao genial&#8221;"},"content":{"rendered":"<p>ESPN.-\u00a0En medio de la ola de rumores que lo colocan fuera del Par\u00eds Saint-Germain y en la mira de varios clubes, entre ellos el Barcelona, Neymar hizo una din\u00e1mica en la presentaci\u00f3n de su nuevo torneo callejero \u2018Red Bull Neymar Jr\u2019s Five\u2019, en la que habl\u00f3 de su relaci\u00f3n con Lionel Messi.<\/p>\n<p>En declaraciones a \u2018Oh My Gol\u2019, el brasile\u00f1o record\u00f3 la conexi\u00f3n que ten\u00eda con \u2018La Pulga\u2019 dentro del terreno de juego.<br \/>\n\u201cMessi es el mejor jugador con el que he jugado. Para m\u00ed es el mejor del mundo y el mejor que vi jugar. Nosotros dos hac\u00edamos un d\u00fao espectacular, genial. Para m\u00ed ha sido un placer y un honor jugar con \u00e9l, y adem\u00e1s es mi amigo\u201d, se\u00f1al\u00f3.<\/p>\n<p>Finalmente, \u2018Ney\u2019 dio su opini\u00f3n sobre su compatriota Vinicius, quien milita en el Real Madrid y vivir\u00e1 su segunda temporada en el Viejo Continente.<\/p>\n<p>\u201cEs un futbolista muy joven y creo que con el paso del tiempo se convertir\u00e1 en un jugador incre\u00edble. Ser\u00e1 en uno de los mejores y competir\u00e1 por el Bal\u00f3n de Oro. Creo que conseguir\u00e1 lo que \u00e9l quiera\u201d, consider\u00f3 el atacante.<\/p>\n<p>&nbsp;<\/p>\n<p>&nbsp;<\/p>\n","protected":false},"excerpt":{"rendered":"<p>En declaraciones a \u2018Oh My Gol\u2019, el brasile\u00f1o record\u00f3 la conexi\u00f3n que ten\u00eda con \u2018La Pulga\u2019 dentro del terreno de juego.<br \/>\n\u201cMessi es el mejor jugador con el que he jugado&#8221;.<\/p>\n","protected":false},"author":19,"featured_media":58298,"comment_status":"closed","ping_status":"closed","sticky":false,"template":"","format":"standard","meta":[],"categories":[2,60],"tags":[],"acf":[],"_links":{"self":[{"href":"https:\/\/colimdo.org\/wp-api\/wp\/v2\/posts\/58296"}],"collection":[{"href":"https:\/\/colimdo.org\/wp-api\/wp\/v2\/posts"}],"about":[{"href":"https:\/\/colimdo.org\/wp-api\/wp\/v2\/types\/post"}],"author":[{"embeddable":true,"href":"https:\/\/colimdo.org\/wp-api\/wp\/v2\/users\/19"}],"replies":[{"embeddable":true,"href":"https:\/\/colimdo.org\/wp-api\/wp\/v2\/comments?post=58296"}],"version-history":[{"count":1,"href":"https:\/\/colimdo.org\/wp-api\/wp\/v2\/posts\/58296\/revisions"}],"predecessor-version":[{"id":58299,"href":"https:\/\/colimdo.org\/wp-api\/wp\/v2\/posts\/58296\/revisions\/58299"}],"wp:featuredmedia":[{"embeddable":true,"href":"https:\/\/colimdo.org\/wp-api\/wp\/v2\/media\/58298"}],"wp:attachment":[{"href":"https:\/\/colimdo.org\/wp-api\/wp\/v2\/media?parent=58296"}],"wp:term":[{"taxonomy":"category","embeddable":true,"href":"https:\/\/colimdo.org\/wp-api\/wp\/v2\/categories?post=58296"},{"taxonomy":"post_tag","embeddable":true,"href":"https:\/\/colimdo.org\/wp-api\/wp\/v2\/tags?post=58296"}],"curies":[{"name":"wp","href":"https:\/\/api.w.org\/{rel}","templated":true}]}}