{"id":58308,"date":"2019-07-19T18:34:29","date_gmt":"2019-07-19T18:34:29","guid":{"rendered":"https:\/\/colimdo.org\/?p=58308"},"modified":"2019-07-19T18:34:29","modified_gmt":"2019-07-19T18:34:29","slug":"atleta-dominicano-remo-regresa-mexico-ruta-lima-2019","status":"publish","type":"post","link":"https:\/\/colimdo.org\/noticias\/atleta-dominicano-remo-regresa-mexico-ruta-lima-2019\/","title":{"rendered":"Atleta dominicano de remo regresa de M\u00e9xico en ruta a Lima 2019"},"content":{"rendered":"<p>Santo Domingo.- El atleta dominicano de remo Ignacio V\u00e1squez Jorge y su entrenador Bryan Chalas Lara regresaron al pa\u00eds, tras permanecer 21 d\u00edas en M\u00e9xico en las instalaciones del Club Espa\u00f1a, como parte de la \u00faltima preparaci\u00f3n con miras a los Juegos Panamericanos de Lima 2019, a celebrarse del 26 de julio al 11 de agosto venideros.<\/p>\n<p>Durante su permanencia en suelo azteca, el atleta realiz\u00f3 entrenamientos de resistencia, velocidad, m\u00e1ximo consumo ox\u00edgeno, tanto en el agua y en su embarcaci\u00f3n, fisioterapias, entre otros.<\/p>\n<p>La Federaci\u00f3n Dominicana de Remo y Canotaje (Fedoreca) calific\u00f3 como muy positivo el proceso de preparaci\u00f3n realizado previo al importante evento continental.<\/p>\n<p>El periodista Andr\u00e9s Osiris Tejeda Cess\u00e9, presidente de la organizaci\u00f3n, emiti\u00f3 una nota de prensa en la que dio las gracias al Comit\u00e9 Ol\u00edmpico Dominicano (COD) y al Ministerio de Deportes por el apoyo que hizo posible la preparaci\u00f3n Vasquez, as\u00ed como de los atletas de canotaje que competir\u00e1n en Lima.<\/p>\n<p>El dirigente tambi\u00e9n agradeci\u00f3 a la Confederaci\u00f3n Panamericana de Canotaje (Copac) y a la Federaci\u00f3n Internacional de Remo (Fisa), por su contribuci\u00f3n a que los atletas dominicanos de ambos deportes pudieron concluir sus respectivas fases de entrenamientos.<\/p>\n<p>Tejeda Cess\u00e9 dijo que Fedoreca est\u00e1 preparada para &#8220;remar con orgullo por Rep\u00fablica Dominicana&#8221; y el &#8220;TeamDom&#8221;, como reza su lema.<\/p>\n<p>V\u00e1squez y Chalas fueron recibidos en el Aeropuerto Internacional de Las Am\u00e9ricas por V\u00edctor M. Tejeda, a nombre de Fedoreca.<\/p>\n","protected":false},"excerpt":{"rendered":"<p>El atleta dominicano de remo Ignacio V\u00e1squez Jorge y su entrenador Bryan Chalas Lara regresaron al pa\u00eds, tras permanecer 21 d\u00edas en M\u00e9xico en las instalaciones del Club Espa\u00f1a, como parte de la \u00faltima preparaci\u00f3n con miras a los Juegos Panamericanos de Lima 2019, a celebrarse del 26 de julio al 11 de agosto venideros.<\/p>\n","protected":false},"author":19,"featured_media":58314,"comment_status":"closed","ping_status":"closed","sticky":false,"template":"","format":"standard","meta":[],"categories":[2,60],"tags":[],"acf":[],"_links":{"self":[{"href":"https:\/\/colimdo.org\/wp-api\/wp\/v2\/posts\/58308"}],"collection":[{"href":"https:\/\/colimdo.org\/wp-api\/wp\/v2\/posts"}],"about":[{"href":"https:\/\/colimdo.org\/wp-api\/wp\/v2\/types\/post"}],"author":[{"embeddable":true,"href":"https:\/\/colimdo.org\/wp-api\/wp\/v2\/users\/19"}],"replies":[{"embeddable":true,"href":"https:\/\/colimdo.org\/wp-api\/wp\/v2\/comments?post=58308"}],"version-history":[{"count":1,"href":"https:\/\/colimdo.org\/wp-api\/wp\/v2\/posts\/58308\/revisions"}],"predecessor-version":[{"id":58315,"href":"https:\/\/colimdo.org\/wp-api\/wp\/v2\/posts\/58308\/revisions\/58315"}],"wp:featuredmedia":[{"embeddable":true,"href":"https:\/\/colimdo.org\/wp-api\/wp\/v2\/media\/58314"}],"wp:attachment":[{"href":"https:\/\/colimdo.org\/wp-api\/wp\/v2\/media?parent=58308"}],"wp:term":[{"taxonomy":"category","embeddable":true,"href":"https:\/\/colimdo.org\/wp-api\/wp\/v2\/categories?post=58308"},{"taxonomy":"post_tag","embeddable":true,"href":"https:\/\/colimdo.org\/wp-api\/wp\/v2\/tags?post=58308"}],"curies":[{"name":"wp","href":"https:\/\/api.w.org\/{rel}","templated":true}]}}