{"id":58336,"date":"2019-07-20T02:51:29","date_gmt":"2019-07-20T02:51:29","guid":{"rendered":"https:\/\/colimdo.org\/?p=58336"},"modified":"2019-07-20T02:51:29","modified_gmt":"2019-07-20T02:51:29","slug":"director-inefi-destaca-avance-e-importancia-los-juegos-escolares","status":"publish","type":"post","link":"https:\/\/colimdo.org\/noticias\/director-inefi-destaca-avance-e-importancia-los-juegos-escolares\/","title":{"rendered":"Director Inefi destaca avance e importancia de los Juegos Escolares"},"content":{"rendered":"<p>SANTO DOMINGO.- El director ejecutivo del Instituto Nacional de Educaci\u00f3n F\u00edsica (Inefi), Jorge Minaya, afirm\u00f3 que la organizaci\u00f3n de los IX Juegos Escolares Deportivos Nacionales Monte Plata 2019 marcha de acuerdo al cronograma de trabajo y a la ruta cr\u00edtica que se ha trazado, la cual se va cumpliendo en un 100 por ciento.<\/p>\n<p>Explic\u00f3 que en el proceso de los Juegos Escolares, a celebrarse del 7 al 16 de noviembre pr\u00f3ximo, han participado m\u00e1s de 900 mil estudiantes, aunque solo terminar\u00e1n cerca de tres mil, al finalizar el proceso de eliminatorias.<\/p>\n<p>Al participar en el programa \u201cConversemos de Deportes\u201d, que se transmite por RNN, Minaya inform\u00f3 que para los juegos se hacen procesos de eliminatorias intramurales, distritales, regionales y zonales, hasta finalizar en los Juegos donde se representan seis zonas escolares.<\/p>\n<p>Dijo que los atletas destacados que participan en los Juegos Escolares pueden ser captados por las diferentes asociaciones y federaciones, as\u00ed como por las universidades, para participar en los Juegos Universitarios, donde los j\u00f3venes podr\u00edan obtener becas para realizar sus carreras profesionales.<\/p>\n<p>Minaya valor\u00f3 la entrega que ha mostrado el Ministro de Educaci\u00f3n, Antonio Pe\u00f1a Mirabal, de quien dijo ha viajado varias veces a la provincia esmeralda a supervisar personalmente el avance de las infraestructuras para los juegos.<\/p>\n<p>\u201c\u00c9l est\u00e1 entregado, supervisando todo el montaje de los juegos, \u00e9l conoce la importancia de los juegos\u201d, apunt\u00f3 Minaya sobre el titular de Educaci\u00f3n.<\/p>\n<p>Coment\u00f3 que Pe\u00f1a Mirabal fue parte de los Juegos Escolares Deportivos Nacionales, Espaillat 2016, cuando fue viceministro administrativo de Educaci\u00f3n, en la gesti\u00f3n de Carlos Amarante Baret.<\/p>\n<p>El director del Inefi tambi\u00e9n estim\u00f3 la entrega que han tenido las\u00a0 autoridades, la uni\u00f3n deportiva y el pueblo de la provincia Monte Plata con estos juegos, catalogando su labor como: \u201cun trabajo arduo en equipo\u201d.<\/p>\n<div class=\"wpcnt\"><\/div>\n","protected":false},"excerpt":{"rendered":"<p>Explic\u00f3 que en el proceso de los Juegos Escolares, a celebrarse del 7 al 16 de noviembre pr\u00f3ximo, han participado m\u00e1s de 900 mil estudiantes, aunque solo terminar\u00e1n cerca de tres mil, al finalizar el proceso de eliminatorias.<\/p>\n","protected":false},"author":16,"featured_media":58337,"comment_status":"closed","ping_status":"closed","sticky":false,"template":"","format":"standard","meta":[],"categories":[2,60],"tags":[],"acf":[],"_links":{"self":[{"href":"https:\/\/colimdo.org\/wp-api\/wp\/v2\/posts\/58336"}],"collection":[{"href":"https:\/\/colimdo.org\/wp-api\/wp\/v2\/posts"}],"about":[{"href":"https:\/\/colimdo.org\/wp-api\/wp\/v2\/types\/post"}],"author":[{"embeddable":true,"href":"https:\/\/colimdo.org\/wp-api\/wp\/v2\/users\/16"}],"replies":[{"embeddable":true,"href":"https:\/\/colimdo.org\/wp-api\/wp\/v2\/comments?post=58336"}],"version-history":[{"count":1,"href":"https:\/\/colimdo.org\/wp-api\/wp\/v2\/posts\/58336\/revisions"}],"predecessor-version":[{"id":58338,"href":"https:\/\/colimdo.org\/wp-api\/wp\/v2\/posts\/58336\/revisions\/58338"}],"wp:featuredmedia":[{"embeddable":true,"href":"https:\/\/colimdo.org\/wp-api\/wp\/v2\/media\/58337"}],"wp:attachment":[{"href":"https:\/\/colimdo.org\/wp-api\/wp\/v2\/media?parent=58336"}],"wp:term":[{"taxonomy":"category","embeddable":true,"href":"https:\/\/colimdo.org\/wp-api\/wp\/v2\/categories?post=58336"},{"taxonomy":"post_tag","embeddable":true,"href":"https:\/\/colimdo.org\/wp-api\/wp\/v2\/tags?post=58336"}],"curies":[{"name":"wp","href":"https:\/\/api.w.org\/{rel}","templated":true}]}}