{"id":58350,"date":"2019-07-20T03:20:35","date_gmt":"2019-07-20T03:20:35","guid":{"rendered":"https:\/\/colimdo.org\/?p=58350"},"modified":"2019-07-20T03:20:35","modified_gmt":"2019-07-20T03:20:35","slug":"seleccion-baloncesto-rd-lista-primer-fogueo-nigeria-este-sabado","status":"publish","type":"post","link":"https:\/\/colimdo.org\/noticias\/seleccion-baloncesto-rd-lista-primer-fogueo-nigeria-este-sabado\/","title":{"rendered":"Selecci\u00f3n de baloncesto de RD lista para primer fogueo contra Nigeria este s\u00e1bado"},"content":{"rendered":"<p>SANTO DOMINGO.-\u00a0Poner en marcha lo practicado hasta ahora es la intenci\u00f3n de la preselecci\u00f3n nacional de baloncesto de Rep\u00fablica Dominicana, en su choque contra su similar de Nigeria de este s\u00e1bado a las 12:00 del medio d\u00eda.<\/p>\n<p>El escenario del partido ser\u00e1 el Palacio de los Deportes Virgilio Travieso Soto, donde tambi\u00e9n los quisqueyanos se volver\u00e1n a medir este lunes a los africanos, en partidos de preparaci\u00f3n para los Juegos Panamericanos de Lima 2019.<\/p>\n<p>\u201cCon este juego empezaremos a ver lo que hemos hecho en estos nueve d\u00edas. Uno no puede recetar sin tener un diagn\u00f3stico, as\u00ed que en este duelo vamos a ver el diagnostico de lo que hicimos hasta ahora, que es solo una parte\u201d, indic\u00f3 el dirigente N\u00e9stor \u201cChe\u201d Garc\u00eda.<\/p>\n<p>Tras la sesi\u00f3n de este viernes, el argentino reiter\u00f3 que se siente muy contento con las ganas que han puesto sus jugadores en la convocatoria.<\/p>\n<p>\u201cHemos logrado muchas cosas. Estoy muy conforme con los que han venido y veo que cada d\u00eda quieren esforzarse m\u00e1s para representar al pa\u00eds\u201d, coment\u00f3.<\/p>\n<p>Las boletas para los encuentros est\u00e1n al alcance en UEPATickets.com y en los puntos de venta ubicados en Supermercados Nacional y Jumbo.<\/p>\n<p>El equipo dominicano<\/p>\n<p>\u201cChe\u201d Garc\u00eda contar\u00e1 con los armadores Gelvis Solano y Adris De Le\u00f3n, los canasteros Brandone Francis, Marques Townes y L.J. Figueroa, junto a los aleros peque\u00f1os Luis David Montero, Sadiel Rojas y Dagoberto Pe\u00f1a.<\/p>\n<p>Para las posiciones cuatro y cinco, los quisqueyanos tendr\u00e1n a Eloy Vargas, Luis Santos, Brayan Mart\u00ednez y Jhonatan Araujo.<\/p>\n<p>La plantilla de Nigeria<\/p>\n<p>Los dirigidos por Alexander Nwora tendr\u00e1n disponibles a los bases Ikenna Iroegbu, Ben Uzoh y Jordan Ogundiran, junto a los tiradores Ike Nwamu, Gabriel Vincent y Caleb Agada.<\/p>\n<p>Tambi\u00e9n los peque\u00f1os delanteros Stanley Okoye y Stephen Domingo, los aleros de poder Ike Diogu, Alade Aminu y Tarekeyi Edogi, adem\u00e1s de los centros Christopher Obekpa, Tosin Mehinti y Jaleel Akindele.<\/p>\n","protected":false},"excerpt":{"rendered":"<p>El escenario del partido ser\u00e1 el Palacio de los Deportes Virgilio Travieso Soto, donde tambi\u00e9n los quisqueyanos se volver\u00e1n a medir este lunes a los africanos, en partidos de preparaci\u00f3n para los Juegos Panamericanos de Lima 2019.<\/p>\n","protected":false},"author":16,"featured_media":58351,"comment_status":"closed","ping_status":"closed","sticky":false,"template":"","format":"standard","meta":[],"categories":[2,60],"tags":[],"acf":[],"_links":{"self":[{"href":"https:\/\/colimdo.org\/wp-api\/wp\/v2\/posts\/58350"}],"collection":[{"href":"https:\/\/colimdo.org\/wp-api\/wp\/v2\/posts"}],"about":[{"href":"https:\/\/colimdo.org\/wp-api\/wp\/v2\/types\/post"}],"author":[{"embeddable":true,"href":"https:\/\/colimdo.org\/wp-api\/wp\/v2\/users\/16"}],"replies":[{"embeddable":true,"href":"https:\/\/colimdo.org\/wp-api\/wp\/v2\/comments?post=58350"}],"version-history":[{"count":1,"href":"https:\/\/colimdo.org\/wp-api\/wp\/v2\/posts\/58350\/revisions"}],"predecessor-version":[{"id":58352,"href":"https:\/\/colimdo.org\/wp-api\/wp\/v2\/posts\/58350\/revisions\/58352"}],"wp:featuredmedia":[{"embeddable":true,"href":"https:\/\/colimdo.org\/wp-api\/wp\/v2\/media\/58351"}],"wp:attachment":[{"href":"https:\/\/colimdo.org\/wp-api\/wp\/v2\/media?parent=58350"}],"wp:term":[{"taxonomy":"category","embeddable":true,"href":"https:\/\/colimdo.org\/wp-api\/wp\/v2\/categories?post=58350"},{"taxonomy":"post_tag","embeddable":true,"href":"https:\/\/colimdo.org\/wp-api\/wp\/v2\/tags?post=58350"}],"curies":[{"name":"wp","href":"https:\/\/api.w.org\/{rel}","templated":true}]}}