{"id":58370,"date":"2019-07-20T14:31:53","date_gmt":"2019-07-20T14:31:53","guid":{"rendered":"https:\/\/colimdo.org\/?p=58370"},"modified":"2019-07-20T14:31:53","modified_gmt":"2019-07-20T14:31:53","slug":"crismery-santana-voy-oro-los-juegos-panamericanos","status":"publish","type":"post","link":"https:\/\/colimdo.org\/noticias\/crismery-santana-voy-oro-los-juegos-panamericanos\/","title":{"rendered":"Crismery Santana: \u201cVoy por el oro en los Juegos Panamericanos\u201d"},"content":{"rendered":"<p>EL NUEVO DIARIO, SANTO DOMINGO.- La pesista Crismery Santana afirm\u00f3 este viernes que est\u00e1 preparada mental y f\u00edsicamente para su participaci\u00f3n en los Juegos Panamericanos,\u00a0 Lima 2019.<\/p>\n<p>\u201cVoy a dar el 100 por ciento de m\u00ed\u201d expres\u00f3 la atleta, entrevistada por El Nuevo Diario en la entrega de bandera que hizo el presidente de la Rep\u00fablica Danilo Medina, a la delegaci\u00f3n dominicana que participar\u00e1 en los juegos de Lima.<\/p>\n<p>\u201cVamos en busca de la medalla de oro, con el favor de Dios\u201d, afirm\u00f3 la pesista, revelando \u00a0que se ha preparado \u201cdemasiado bien\u201d para obtener ese logro.<\/p>\n<p>Explic\u00f3 que ha estado trabajando fuertemente, con duros y dif\u00edciles entrenamientos que ha podido superar.<\/p>\n<p>La atleta del a\u00f1o de la Asociaci\u00f3n de Cronistas Deportivos (ACD), dijo que cuenta con la salud necesaria para lograr su objetivo.<\/p>\n<p>Sonriente, expresa que al conversar con el presidente sinti\u00f3 un \u201cpoquito de nervios\u201d.<\/p>\n<p>Seg\u00fan lo estimado, a atleta llegar\u00e1 a Per\u00fa el d\u00eda 24 de julio, para participar como abanderada en la ceremonia de apertura del 26, para participar en las competencias de halterofilia desde el 27 al 30 del presente mes.<\/p>\n<p>Santana indic\u00f3 que ser la abanderada dominicana presenta un \u201corgullo\u201d, pero que, adem\u00e1s es un logro y un reto en su carrera.<\/p>\n<p>&nbsp;<\/p>\n","protected":false},"excerpt":{"rendered":"<p>La atleta del a\u00f1o de la Asociaci\u00f3n de Cronistas Deportivos (ACD), dijo que cuenta con la salud necesaria para lograr su objetivo.<\/p>\n","protected":false},"author":16,"featured_media":58371,"comment_status":"closed","ping_status":"closed","sticky":false,"template":"","format":"standard","meta":[],"categories":[2,60],"tags":[],"acf":[],"_links":{"self":[{"href":"https:\/\/colimdo.org\/wp-api\/wp\/v2\/posts\/58370"}],"collection":[{"href":"https:\/\/colimdo.org\/wp-api\/wp\/v2\/posts"}],"about":[{"href":"https:\/\/colimdo.org\/wp-api\/wp\/v2\/types\/post"}],"author":[{"embeddable":true,"href":"https:\/\/colimdo.org\/wp-api\/wp\/v2\/users\/16"}],"replies":[{"embeddable":true,"href":"https:\/\/colimdo.org\/wp-api\/wp\/v2\/comments?post=58370"}],"version-history":[{"count":1,"href":"https:\/\/colimdo.org\/wp-api\/wp\/v2\/posts\/58370\/revisions"}],"predecessor-version":[{"id":58372,"href":"https:\/\/colimdo.org\/wp-api\/wp\/v2\/posts\/58370\/revisions\/58372"}],"wp:featuredmedia":[{"embeddable":true,"href":"https:\/\/colimdo.org\/wp-api\/wp\/v2\/media\/58371"}],"wp:attachment":[{"href":"https:\/\/colimdo.org\/wp-api\/wp\/v2\/media?parent=58370"}],"wp:term":[{"taxonomy":"category","embeddable":true,"href":"https:\/\/colimdo.org\/wp-api\/wp\/v2\/categories?post=58370"},{"taxonomy":"post_tag","embeddable":true,"href":"https:\/\/colimdo.org\/wp-api\/wp\/v2\/tags?post=58370"}],"curies":[{"name":"wp","href":"https:\/\/api.w.org\/{rel}","templated":true}]}}