{"id":58379,"date":"2019-07-20T21:19:19","date_gmt":"2019-07-20T21:19:19","guid":{"rendered":"https:\/\/colimdo.org\/?p=58379"},"modified":"2019-07-20T21:19:19","modified_gmt":"2019-07-20T21:19:19","slug":"prisilla-rivera-estamos-enfocadas-traer-otra-medalla-pais","status":"publish","type":"post","link":"https:\/\/colimdo.org\/noticias\/prisilla-rivera-estamos-enfocadas-traer-otra-medalla-pais\/","title":{"rendered":"Prisilla Rivera: &#8220;Estamos enfocadas en traer otra medalla para el pa\u00eds&#8221;"},"content":{"rendered":"<p>SANTO DOMINGO, JORGE LUIS TORRES.- La capitana de la Selecci\u00f3n dominicana de voleibol femenino, Prisilla Rivera, se mostr\u00f3 confiada sobre el trabajo que realizar\u00e1 el sexteto quisqueyano en los pr\u00f3ximos Juegos Panamericanos de Lima 2019.<\/p>\n<p>En la visita realizada por los miembros del Comit\u00e9 Ejecutivo del Comit\u00e9 Ol\u00edmpico Dominicano (COD) a las instalaciones de entrenamientos de las atletas en el Centro Ol\u00edmpico Juan Pablo Duarte. La integrante de la selecci\u00f3n coment\u00f3 que: &#8220;La selecci\u00f3n est\u00e1 muy bien preparada, \u00a0aunque este a\u00f1o ha sido muy cargado para nosotras, ya que tambi\u00e9n es un a\u00f1o preol\u00edmpico, pero estamos enfocadas para ir a Lima y traer otra medalla al pa\u00eds&#8221;, dijo la capitana de las Reinas del Caribe a Colimdo.<\/p>\n<p>La estelar rematadora del combinado nacional de voleibol femenino espera que la Rep\u00fablica Dominicana, una vez m\u00e1s, le muestre su apoyo durante los Juegos Panamericanos.<\/p>\n<p>&#8220;Sigan apoy\u00e1ndonos porque para nosotras es sumamente importante su apoyo, su calor, es una de las cosas que nos mantiene firme para dar lo mejor en cada torneo&#8221;, adujo la veterana Bethania de la Cruz durante la visita encabezada por el presidente COD, Luis Mej\u00eda Oviedo y los miembros del COD, Gilberto Garc\u00eda, Jos\u00e9 Ram\u00edrez y Nelson Ram\u00edrez.<\/p>\n<p>Esta es la d\u00e9cima visita que realiza el COD en su programa de encuentros con los atletas que accionar\u00e1n en Lima 2019, para mostrarle su apoyo y a su vez verificar como est\u00e1n los preparativos de cara a la cita multideportiva.<\/p>\n<p>Por su parte Mej\u00eda Oviedo expres\u00f3 la satisfacci\u00f3n que es resulta para \u00e9l y los miembros del COD, poder compartir con el equipo en el momento y lugar donde \u00a0se producen las medallas, como lo son los entrenamientos.<\/p>\n<p>&#8220;Quiero decirles que nosotros disfrutamos \u00a0verlas entrenando, en fragor de sus pr\u00e1cticas que verlas desde las gradas. S\u00e9 que podemos contar con su gran desempe\u00f1o, su buena disciplina y sobretodo con su gran profesionalismo\u201d, expres\u00f3 \u00a0Mej\u00eda al combinado nacional de voleibol femenino.<\/p>\n<p>Las dominicanas conquistaron la medalla de oro en los Juegos Panamericanos de Santo Domingo 2003, una gesta que intentar\u00e1n emular ahora en suelo peruano.<\/p>\n","protected":false},"excerpt":{"rendered":"<p>Rivera extern\u00f3 la confianza existente en el grupo, durante la visita de los miembros del Comit\u00e9 Ejecutivo del COD a los entrenamientos del equipo en el Centro Ol\u00edmpico Juan Pablo Duarte.<\/p>\n","protected":false},"author":16,"featured_media":58380,"comment_status":"closed","ping_status":"closed","sticky":false,"template":"","format":"standard","meta":[],"categories":[2,60],"tags":[],"acf":[],"_links":{"self":[{"href":"https:\/\/colimdo.org\/wp-api\/wp\/v2\/posts\/58379"}],"collection":[{"href":"https:\/\/colimdo.org\/wp-api\/wp\/v2\/posts"}],"about":[{"href":"https:\/\/colimdo.org\/wp-api\/wp\/v2\/types\/post"}],"author":[{"embeddable":true,"href":"https:\/\/colimdo.org\/wp-api\/wp\/v2\/users\/16"}],"replies":[{"embeddable":true,"href":"https:\/\/colimdo.org\/wp-api\/wp\/v2\/comments?post=58379"}],"version-history":[{"count":1,"href":"https:\/\/colimdo.org\/wp-api\/wp\/v2\/posts\/58379\/revisions"}],"predecessor-version":[{"id":58381,"href":"https:\/\/colimdo.org\/wp-api\/wp\/v2\/posts\/58379\/revisions\/58381"}],"wp:featuredmedia":[{"embeddable":true,"href":"https:\/\/colimdo.org\/wp-api\/wp\/v2\/media\/58380"}],"wp:attachment":[{"href":"https:\/\/colimdo.org\/wp-api\/wp\/v2\/media?parent=58379"}],"wp:term":[{"taxonomy":"category","embeddable":true,"href":"https:\/\/colimdo.org\/wp-api\/wp\/v2\/categories?post=58379"},{"taxonomy":"post_tag","embeddable":true,"href":"https:\/\/colimdo.org\/wp-api\/wp\/v2\/tags?post=58379"}],"curies":[{"name":"wp","href":"https:\/\/api.w.org\/{rel}","templated":true}]}}