{"id":58388,"date":"2019-07-21T00:39:03","date_gmt":"2019-07-21T00:39:03","guid":{"rendered":"https:\/\/colimdo.org\/?p=58388"},"modified":"2019-07-21T00:39:03","modified_gmt":"2019-07-21T00:39:03","slug":"delegacion-gimnasia-parte-lima-gran-optimismo","status":"publish","type":"post","link":"https:\/\/colimdo.org\/noticias\/delegacion-gimnasia-parte-lima-gran-optimismo\/","title":{"rendered":"Delegaci\u00f3n de gimnasia parte a Lima con gran optimismo"},"content":{"rendered":"<p><b><span lang=\"ES-DO\">SANTO DOMINGO<\/span><\/b><span lang=\"ES-DO\">. Los gimnastas Yamilet Pe\u00f1a, Audrys Nin Reyes y Alondra Echevarr\u00eda partieron este s\u00e1bado hacia Lima, Per\u00fa, para tomar parte en los XVIII Juegos Panamericanos que se celebrar\u00e1n en ese pa\u00eds del 26 de julio al 11 de agosto.<\/span><\/p>\n<p><span lang=\"ES-DO\">El licenciado Luis Mej\u00eda Oviedo, presidente del Comit\u00e9 Ol\u00edmpico Dominicano (COD), exhort\u00f3 a los gimnastas a competir con el coraz\u00f3n y poner todo el empe\u00f1o para que obtengan los mejores resultados en la cita multideportiva.<\/span><\/p>\n<p><span lang=\"ES-DO\">\u201cConfiamos en el trabajo que deber\u00e1n hacer en Lima. Es un gran reto y tengo para ustedes mis mejores deseos\u201d, dijo Mej\u00eda a la delegaci\u00f3n de gimnasia en la parte frontal del COD, desde donde abordaron el autob\u00fas con destino a Punta Cana, desde donde tomar\u00e1n el avi\u00f3n hacia Lima, Per\u00fa.<\/span><\/p>\n<div><span lang=\"ES-DO\">Adem\u00e1s de los gimnastas, la delegaci\u00f3n est\u00e1 conformada por los\u00a0<\/span><span lang=\"ES-DO\">Yoandri Tamayo y Ram\u00f3n Amaury Holgu\u00edn, as\u00ed como Fernando Whyte, delegado<\/span>.<\/div>\n<p><span lang=\"ES-DO\">El presidente de la Federaci\u00f3n Dominicana de Gimnasia (Fedogim), ingeniero Edwin Rodr\u00edguez, manifest\u00f3 que los atletas de su deporte est\u00e1n preparados y listos para dar la batalla en Lima.<\/span><\/p>\n<p><span lang=\"ES-DO\">La veterana Yamilet Pe\u00f1a obtuvo medalla de plata en los Juegos Panamericanos de Toronto, en el 2015, en la modalidad salto de caballo femenil.<\/span><\/p>\n<p><span lang=\"ES-DO\">Mientras, Audrys Nin Reyes busca su primera medalla en su segunda oportunidad en Juegos Panamericanos.<\/span><\/p>\n","protected":false},"excerpt":{"rendered":"<p>El licenciado Luis Mej\u00eda Oviedo, presidente del Comit\u00e9 Ol\u00edmpico Dominicano (COD), exhort\u00f3 a los gimnastas a competir con el coraz\u00f3n y poner todo el empe\u00f1o para que obtengan los mejores resultados en la cita multideportiva.<\/p>\n","protected":false},"author":16,"featured_media":58389,"comment_status":"closed","ping_status":"closed","sticky":false,"template":"","format":"standard","meta":[],"categories":[2,60],"tags":[],"acf":[],"_links":{"self":[{"href":"https:\/\/colimdo.org\/wp-api\/wp\/v2\/posts\/58388"}],"collection":[{"href":"https:\/\/colimdo.org\/wp-api\/wp\/v2\/posts"}],"about":[{"href":"https:\/\/colimdo.org\/wp-api\/wp\/v2\/types\/post"}],"author":[{"embeddable":true,"href":"https:\/\/colimdo.org\/wp-api\/wp\/v2\/users\/16"}],"replies":[{"embeddable":true,"href":"https:\/\/colimdo.org\/wp-api\/wp\/v2\/comments?post=58388"}],"version-history":[{"count":1,"href":"https:\/\/colimdo.org\/wp-api\/wp\/v2\/posts\/58388\/revisions"}],"predecessor-version":[{"id":58391,"href":"https:\/\/colimdo.org\/wp-api\/wp\/v2\/posts\/58388\/revisions\/58391"}],"wp:featuredmedia":[{"embeddable":true,"href":"https:\/\/colimdo.org\/wp-api\/wp\/v2\/media\/58389"}],"wp:attachment":[{"href":"https:\/\/colimdo.org\/wp-api\/wp\/v2\/media?parent=58388"}],"wp:term":[{"taxonomy":"category","embeddable":true,"href":"https:\/\/colimdo.org\/wp-api\/wp\/v2\/categories?post=58388"},{"taxonomy":"post_tag","embeddable":true,"href":"https:\/\/colimdo.org\/wp-api\/wp\/v2\/tags?post=58388"}],"curies":[{"name":"wp","href":"https:\/\/api.w.org\/{rel}","templated":true}]}}