{"id":58392,"date":"2019-07-21T00:40:47","date_gmt":"2019-07-21T00:40:47","guid":{"rendered":"https:\/\/colimdo.org\/?p=58392"},"modified":"2019-07-21T00:40:47","modified_gmt":"2019-07-21T00:40:47","slug":"jefatura-mision-pasa-revista-ruta-critica-delegacion-va-panam-lima","status":"publish","type":"post","link":"https:\/\/colimdo.org\/noticias\/jefatura-mision-pasa-revista-ruta-critica-delegacion-va-panam-lima\/","title":{"rendered":"Jefatura misi\u00f3n pasa revista ruta cr\u00edtica delegaci\u00f3n va a Panam Lima"},"content":{"rendered":"<p><b><span lang=\"ES-DO\">SANTO DOMINGO<\/span><\/b><span lang=\"ES-DO\">. La ruta cr\u00edtica en la conformaci\u00f3n de la delegaci\u00f3n que representar\u00e1 al pa\u00eds en los XVIII Juegos Panamericanos Lima 2019 entr\u00f3 a la fase final y las distintas comisiones ofrecieron sus informes en reuni\u00f3n celebrada este s\u00e1bado en el Comit\u00e9 Ol\u00edmpico Dominicano (COD).<\/span><\/p>\n<p><span lang=\"ES-DO\">El encuentro, encabezado por Luis Mej\u00eda Oviedo, presidente del COD, y Garibaldy Bautista, Jefe de Misi\u00f3n de la delegaci\u00f3n, cont\u00f3 adem\u00e1s con la presencia de miembros del comit\u00e9 ejecutivo del organismo y los cabezas de las distintas comisiones.<\/span><\/p>\n<p><span lang=\"ES-DO\">La delegaci\u00f3n m\u00e9dica, conformada por 12 personas y que parti\u00f3 la madrugada de este domingo, est\u00e1 encabezada por la doctora Lisette S\u00e1nchez, quien indic\u00f3 que ya tiene en su poder todos los medicamentos para cualquier imprevisto con los deportistas.<\/span><\/p>\n<p><span lang=\"ES-DO\">S\u00e1nchez, adem\u00e1s, dio a conocer la distribuci\u00f3n de los galenos en las diferentes subsedes y que est\u00e1 a la espera de los resultados de un total de 55 pruebas aleatorias que se hicieron en 12 deportes.<\/span><\/p>\n<p><span lang=\"ES-DO\">\u201cEstamos listos para cumplir con nuestro compromiso y hacer el trabajo que demande nuestra delegaci\u00f3n\u201d, manifest\u00f3 S\u00e1nchez.<\/span><\/p>\n<p><span lang=\"ES-DO\">Mej\u00eda inform\u00f3 adem\u00e1s que la tradicional reuni\u00f3n con los delegados de los diferentes deportes ser\u00e1 cada d\u00eda desde que inicien los juegos, a las 10:00 de la noche, hora Lima, y que<\/span><span lang=\"ES-DO\">\u00a0<\/span>la actividad de abanderamiento Team Dom en la Villa Panamericana en Per\u00fa ser\u00e1 el mi\u00e9rcoles 24 de este mes, mientras que el\u00a0\u00a0jueves 25, a las 11:00 de la ma\u00f1ana, se llevar\u00e1 a cabo el encuentro de bienvenida a la delegaci\u00f3n en el Swiss Hotel, en Lima.<\/p>\n<p><span lang=\"ES-DO\">Desde Per\u00fa, la avanzada, liderada por Juan Febles, director t\u00e9cnico del COD, as\u00ed como Marcel Vidal, Miguel Merejo y el Coronel Hern\u00e1ndez Olivero, encargado de seguridad, manifest\u00f3 que todo marcha seg\u00fan lo planificado y que se han tomado todas previsiones de lugar.<\/span><\/p>\n<p><span lang=\"ES-DO\">El viernes 26, a las 7:00 de la noche (8:00 pm hora dominicana) ser\u00e1 la ceremonia de apertura de los Juegos Panamericanos y en la desfilar\u00e1 la representaci\u00f3n quisqueyana en el Estadio Nacional.<\/span><\/p>\n<p><span lang=\"ES-DO\">Adem\u00e1s se pas\u00f3 revista a todas las federaciones que han recibido sus indumentarias, as\u00ed como los vi\u00e1ticos y la programaci\u00f3n de salida y llegada de los atletas, oficiales y prensa a Lima.<\/span><\/p>\n<p><span lang=\"ES-DO\">La salida de las diferentes delegaciones estar\u00e1 partiendo desde el Centro Ol\u00edmpico hacia Punta Cana, de donde saldr\u00e1n hacia Lima a trav\u00e9s de la l\u00ednea a\u00e9rea Latam.<\/span><\/p>\n","protected":false},"excerpt":{"rendered":"<p>El encuentro, encabezado por Luis Mej\u00eda Oviedo, presidente del COD, y Garibaldy Bautista, Jefe de Misi\u00f3n de la delegaci\u00f3n, cont\u00f3 adem\u00e1s con la presencia de miembros del comit\u00e9 ejecutivo del organismo y los cabezas de las distintas comisiones.<\/p>\n","protected":false},"author":16,"featured_media":58390,"comment_status":"closed","ping_status":"closed","sticky":false,"template":"","format":"standard","meta":[],"categories":[2,60],"tags":[],"acf":[],"_links":{"self":[{"href":"https:\/\/colimdo.org\/wp-api\/wp\/v2\/posts\/58392"}],"collection":[{"href":"https:\/\/colimdo.org\/wp-api\/wp\/v2\/posts"}],"about":[{"href":"https:\/\/colimdo.org\/wp-api\/wp\/v2\/types\/post"}],"author":[{"embeddable":true,"href":"https:\/\/colimdo.org\/wp-api\/wp\/v2\/users\/16"}],"replies":[{"embeddable":true,"href":"https:\/\/colimdo.org\/wp-api\/wp\/v2\/comments?post=58392"}],"version-history":[{"count":1,"href":"https:\/\/colimdo.org\/wp-api\/wp\/v2\/posts\/58392\/revisions"}],"predecessor-version":[{"id":58393,"href":"https:\/\/colimdo.org\/wp-api\/wp\/v2\/posts\/58392\/revisions\/58393"}],"wp:featuredmedia":[{"embeddable":true,"href":"https:\/\/colimdo.org\/wp-api\/wp\/v2\/media\/58390"}],"wp:attachment":[{"href":"https:\/\/colimdo.org\/wp-api\/wp\/v2\/media?parent=58392"}],"wp:term":[{"taxonomy":"category","embeddable":true,"href":"https:\/\/colimdo.org\/wp-api\/wp\/v2\/categories?post=58392"},{"taxonomy":"post_tag","embeddable":true,"href":"https:\/\/colimdo.org\/wp-api\/wp\/v2\/tags?post=58392"}],"curies":[{"name":"wp","href":"https:\/\/api.w.org\/{rel}","templated":true}]}}