{"id":58418,"date":"2019-07-21T20:32:30","date_gmt":"2019-07-21T20:32:30","guid":{"rendered":"https:\/\/colimdo.org\/?p=58418"},"modified":"2019-07-21T20:34:27","modified_gmt":"2019-07-21T20:34:27","slug":"karate-conquista-nueve-medallas-campeonato-iberomaericano","status":"publish","type":"post","link":"https:\/\/colimdo.org\/noticias\/karate-conquista-nueve-medallas-campeonato-iberomaericano\/","title":{"rendered":"Karate conquista nueve medallas en Campeonato Iberomaericano"},"content":{"rendered":"<p>SANTO DOMINGO.- A pocos d\u00edas de iniciarse los XVIII Juegos Panamericanos de Lima, Per\u00fa, la Selecci\u00f3n de Karate de la Rep\u00fablica Dominicana conquist\u00f3 nueve preseas, dos de oro, cuatro de plata y tres de bronce, en el Campeonato Iberomaericano que se celebr\u00f3 en M\u00e9xico.<\/p>\n<p>La informaci\u00f3n la suministro el presidente de la Federaci\u00f3n Dominicana de Karate, profesor Jos\u00e9 Luis Ram\u00edrez, quien es adem\u00e1s, tesorero del Comit\u00e9 Ol\u00edmpico Dominicano.<\/p>\n<p>Ram\u00edrez afirm\u00f3 que felicita a cada uno de los atletas por el logro alcanzado y afirm\u00f3 que eso es una muestra de lo que llevar\u00e1 el Karate dominicano a los Juegos Panamericanos de Lima, Per\u00fa, que se inician este viernes. Cuenta con el apoyo del COD, Miderec y Creso.<\/p>\n<div id=\"\" class=\"portlet-boundary portlet-static-end content-viewer-portlet last full-access norestricted\">\n<div class=\"text\">\n<div class=\"paragraph\">\n<p>\u201cNuestros atletas est\u00e1n bien preparados para poner en alto la bandera tricolor, nueva vez, y continuar dando medallas de calidad a nuestra delegaci\u00f3n, tal y como ha pasado en los \u00faltimos Juegos Panam\u201d, dijo el titular de FEDOKARATE.<\/p>\n<p>Las preseas de oro fueron logradas por los atletas, Anel Castillo en categor\u00eda de +84kg Anel Castillo y Karina D\u00edaz, en los -61kg.<\/p>\n<p>Las platas fueron Deivis Gabriel Ferreras Feliz, en 67kg, -75kg Ander<\/p>\n<p>son Soriano en los 75 kilos, Tanya Rodr\u00edguez &#8211; Plata,en los 68 kilos, Pamela Rodr\u00edguez Ogando en mas 68 kilos.<\/p>\n<p>Mientras que los bronce fueron para Ana Villanueva en -55kg Thalia Josefina Terrero Alc\u00e1ntara y Kata Masculino Nycolai Arango,<\/p>\n<p>Franchel Velazquez Kata Femenino, -84kg Adonis Montero y -60kg Stevenson Javier Gil Quesada quedaron en el proceso de repesca.<\/p>\n<p>La delegaci\u00f3n dominicana estuvo conformada por Antonio Volquez Carrasco \u2013 Delegado, Yunieski Silverio Castillo &#8211; Entrenador y Jos\u00e9 Eduardo confidente \u2013 \u00c1rbitro.<\/p>\n<\/div>\n<\/div>\n<\/div>\n<div id=\"\" class=\"portlet-boundary portlet-static-end content-viewer-portlet last full-access norestricted\"><\/div>\n<div id=\"\" class=\"portlet-boundary portlet-static-end adcontainer-portlet\"><\/div>\n","protected":false},"excerpt":{"rendered":"<p>El equipo dominicano gan\u00f3 dos medallas de oro, cuatro de plata y tres de bronce.<\/p>\n","protected":false},"author":16,"featured_media":58423,"comment_status":"closed","ping_status":"closed","sticky":false,"template":"","format":"standard","meta":[],"categories":[2,60],"tags":[],"acf":[],"_links":{"self":[{"href":"https:\/\/colimdo.org\/wp-api\/wp\/v2\/posts\/58418"}],"collection":[{"href":"https:\/\/colimdo.org\/wp-api\/wp\/v2\/posts"}],"about":[{"href":"https:\/\/colimdo.org\/wp-api\/wp\/v2\/types\/post"}],"author":[{"embeddable":true,"href":"https:\/\/colimdo.org\/wp-api\/wp\/v2\/users\/16"}],"replies":[{"embeddable":true,"href":"https:\/\/colimdo.org\/wp-api\/wp\/v2\/comments?post=58418"}],"version-history":[{"count":1,"href":"https:\/\/colimdo.org\/wp-api\/wp\/v2\/posts\/58418\/revisions"}],"predecessor-version":[{"id":58422,"href":"https:\/\/colimdo.org\/wp-api\/wp\/v2\/posts\/58418\/revisions\/58422"}],"wp:featuredmedia":[{"embeddable":true,"href":"https:\/\/colimdo.org\/wp-api\/wp\/v2\/media\/58423"}],"wp:attachment":[{"href":"https:\/\/colimdo.org\/wp-api\/wp\/v2\/media?parent=58418"}],"wp:term":[{"taxonomy":"category","embeddable":true,"href":"https:\/\/colimdo.org\/wp-api\/wp\/v2\/categories?post=58418"},{"taxonomy":"post_tag","embeddable":true,"href":"https:\/\/colimdo.org\/wp-api\/wp\/v2\/tags?post=58418"}],"curies":[{"name":"wp","href":"https:\/\/api.w.org\/{rel}","templated":true}]}}