{"id":58425,"date":"2019-07-21T20:44:38","date_gmt":"2019-07-21T20:44:38","guid":{"rendered":"https:\/\/colimdo.org\/?p=58425"},"modified":"2019-07-21T20:44:38","modified_gmt":"2019-07-21T20:44:38","slug":"maria-dimitrova-suena-ganar-lima-una-medalla-le-pais","status":"publish","type":"post","link":"https:\/\/colimdo.org\/noticias\/maria-dimitrova-suena-ganar-lima-una-medalla-le-pais\/","title":{"rendered":"Mar\u00eda Dimitrova &#8220;sue\u00f1a&#8221; con ganar en Lima una medalla que le &#8220;debe&#8221; a su pa\u00eds"},"content":{"rendered":"<p class=\"canvas-atom canvas-text Mb(1.0em) Mb(0)--sm Mt(0.8em)--sm\">Santo Domingo, 21 jul (EFE).- La sonrisa de la karateca dominicana Mar\u00eda Dimitrova no puede ser m\u00e1s amplia a medida que se acerca la fecha en la que se cumplir\u00e1 su &#8220;sue\u00f1o&#8221; de representar a su pa\u00eds en unos Juegos Panamericanos.<\/p>\n<p class=\"canvas-atom canvas-text Mb(1.0em) Mb(0)--sm Mt(0.8em)--sm\">Es un privilegio que no ha podido ejercer hasta ahora porque la modalidad de kata (un combate contra un rival imaginario) en la que esta atleta ha desarrollado su exitosa carrera fue readmitida para la cita de Lima 2019 luego de su \u00faltima aparici\u00f3n en Santo Domingo 2003.<\/p>\n<p class=\"canvas-atom canvas-text Mb(1.0em) Mb(0)--sm Mt(0.8em)--sm\">&#8220;Personalmente siempre ha sido un sue\u00f1o para m\u00ed participar en unos Juegos Panamericanos y nunca tuve la oportunidad. Es una meta que yo siento que se la debo al pa\u00eds&#8221;, afirm\u00f3 sonriente a Efe esta competidora nacida en Bulgaria hace 33 a\u00f1os pero que a los 6 se traslad\u00f3 a Rep\u00fablica Dominicana junto a sus padres.<\/p>\n<p class=\"canvas-atom canvas-text Mb(1.0em) Mb(0)--sm Mt(0.8em)--sm\">De su padre, precisamente, hered\u00f3 el inter\u00e9s por las artes marciales cuando de ni\u00f1a le observaba practicarlas.<\/p>\n<p class=\"canvas-atom canvas-text Mb(1.0em) Mb(0)--sm Mt(0.8em)--sm\">&#8220;Mi familia vino de vacaciones a este pa\u00eds y le gust\u00f3 tanto que aqu\u00ed se qued\u00f3. Nos mudamos a Sos\u00faa, Puerto Plata (norte), all\u00ed me inclin\u00e9 por el k\u00e1rate porque era el \u00fanico arte marcial que se practicaba (en ese municipio)&#8221;, relat\u00f3.<\/p>\n<p class=\"canvas-atom canvas-text Mb(1.0em) Mb(0)--sm Mt(0.8em)--sm\">Dimitrova, und\u00e9cima de la clasificaci\u00f3n mundial, aunque segunda americana solo por detr\u00e1s de la estadounidense Sakura Kokumai, habla con gran fluidez sobre su carrera, sus metas y hasta de su eventual retiro, que podr\u00eda ser antes de Tokio 2020 si finalmente no logra su clasificaci\u00f3n para esos Juegos Ol\u00edmpicos, los primeros para el k\u00e1rate.<\/p>\n<p class=\"canvas-atom canvas-text Mb(1.0em) Mb(0)--sm Mt(0.8em)--sm\">Para obtener un boleto para Tokio tendr\u00eda que competir en no menos de 12 competiciones en todo el mundo hasta marzo pr\u00f3ximo, lo que ve complicado, principalmente por el aspecto econ\u00f3mico.<\/p>\n<p class=\"canvas-atom canvas-text Mb(1.0em) Mb(0)--sm Mt(0.8em)--sm\">&#8220;Pero mi meta por ahora son los Juegos Panamericanos. Estamos trabajando bien enfocados junto a mi entrenador, Julio Marte, mi preparador f\u00edsico, Tony Parra, y el psic\u00f3logo Manuel N\u00fa\u00f1ez; tenemos una programaci\u00f3n que recibe el apoyo de nuestra federaci\u00f3n y del programa Creando Sue\u00f1os Ol\u00edmpicos (una iniciativa privada)&#8221;, apunt\u00f3 la atleta.<\/p>\n<p class=\"canvas-atom canvas-text Mb(1.0em) Mb(0)--sm Mt(0.8em)--sm\">Acumula tres medallas de oro en Juegos Centroamericanos y del Caribe; ocho en Campeonatos Panamericanos de k\u00e1rate entre la competici\u00f3n individual y la de equipos; una medalla de bronce en un Mundial de categor\u00eda juvenil y un quinto puesto en uno de categor\u00eda superior.<\/p>\n<p class=\"canvas-atom canvas-text Mb(1.0em) Mb(0)--sm Mt(0.8em)--sm\">Se hizo con el oro en dos oportunidades en el Abierto de Holanda, unos triunfos de los que se siente muy orgullosa por haber competido ante deportistas &#8220;tan buenos&#8221; de Espa\u00f1a, Jap\u00f3n o Francia.<\/p>\n<p class=\"canvas-atom canvas-text Mb(1.0em) Mb(0)--sm Mt(0.8em)--sm\">Aunque en noviembre pasado perdi\u00f3 el combate por el bronce en el Mundial disputado en Madrid ante la hongkonesa Mo Lau, Dimitrova asegur\u00f3 que se siente en su &#8220;mejor forma&#8221;, porque hac\u00eda varios a\u00f1os que no llegaba tan lejos a ese nivel y record\u00f3 que despu\u00e9s de eso lider\u00f3 al equipo femenino dominicano de kata que se clasific\u00f3 para Per\u00fa.<\/p>\n<p class=\"canvas-atom canvas-text Mb(1.0em) Mb(0)--sm Mt(0.8em)--sm\">Revel\u00f3 a Efe que luego de los Juegos Panamericanos participar\u00e1 en los Juegos de Playa, donde el pa\u00eds nunca ha participado en k\u00e1rate.<\/p>\n<p class=\"canvas-atom canvas-text Mb(1.0em) Mb(0)--sm Mt(0.8em)--sm\">&#8220;A partir de ah\u00ed el tiempo dir\u00e1 si hay o no oportunidad para los Juegos Ol\u00edmpicos de Jap\u00f3n&#8221;, agreg\u00f3.<\/p>\n<p class=\"canvas-atom canvas-text Mb(1.0em) Mb(0)--sm Mt(0.8em)--sm\">Su preferencia por la modalidad de kata viene de su car\u00e1cter &#8220;perfeccionista&#8221;. Seg\u00fan explic\u00f3, en el estilo kumite (combate), si est\u00e1s en desventaja puedes tener la oportunidad de revertir la decisi\u00f3n, pero si en kata cometes un error &#8220;ah\u00ed mismo perdiste&#8221;.<\/p>\n<p class=\"canvas-atom canvas-text Mb(1.0em) Mb(0)--sm Mt(0.8em)--sm\">La conversaci\u00f3n con Dimitrova pone constantemente la proa hacia los Juegos Panamericanos.<\/p>\n<p class=\"canvas-atom canvas-text Mb(1.0em) Mb(0)--sm Mt(0.8em)--sm\">&#8220;Ya tengo Juegos Mundiales, en los que gan\u00e9 plata; he ganado oro en Juegos Bolivarianos, en Centroamericanos, definitivamente es una meta que siento que se la debo al pa\u00eds. He escuchado que quien gane el oro en los Juegos clasificar\u00eda a Tokio 2020, pero no lo he podido confirmar&#8221;, coment\u00f3.<\/p>\n<div class=\"Ov(h) Trs($transition-readmore) Mah(999999px)\">\n<p class=\"canvas-atom canvas-text Mb(1.0em) Mb(0)--sm Mt(0.8em)--sm\">La dominicana conoce y ha estudiado &#8220;muy bien&#8221; las estrategias de quienes podr\u00edan ser sus rivales en Lima. &#8220;Aunque claro&#8221;, reconoci\u00f3 con su ampl\u00edsima sonrisa, &#8220;seguro que ellas tambi\u00e9n est\u00e1n haciendo lo mismo conmigo&#8221;.<\/p>\n<p class=\"canvas-atom canvas-text Mb(1.0em) Mb(0)--sm Mt(0.8em)--sm\">De manera categ\u00f3rica afirm\u00f3 que una vez llegue el momento de alejarse de la competici\u00f3n se concentrar\u00e1 \u00fanicamente en su rol de entrenadora -es la responsable de la selecci\u00f3n juvenil del pa\u00eds-, pues considera que el k\u00e1rate continuar\u00e1 siendo una de las principales disciplinas para el aporte de medallas a su pa\u00eds.<\/p>\n<p class=\"canvas-atom canvas-text Mb(1.0em) Mb(0)--sm Mt(0.8em)--sm\">Antes de despedirse de Efe, Dimitrova, que de manera particular dirige una academia de artes marciales, &#8220;volvi\u00f3&#8221; a Tokio 2020, al poner sobre la balanza lo &#8220;dif\u00edcil&#8221; que es competir con &#8220;grandes potencias&#8221; como Espa\u00f1a, Francia, Jap\u00f3n o Hong Kong (China).<\/p>\n<p class=\"canvas-atom canvas-text Mb(1.0em) Mb(0)--sm Mt(0.8em)--sm\">&#8220;Son pa\u00edses que reciben un respaldo incre\u00edble; tienen todo tipo de entrenadores, instalaciones que ni se comparan con las de nosotros. Tienen, definitivamente, mucho m\u00e1s apoyo, pueden vivir de eso, yo no puedo vivir del deporte solamente, tengo que tener una academia. Esa es la diferencia entre los deportistas dominicanos y los de las potenciales mundiales&#8221;, sentenci\u00f3 la atleta caribe\u00f1a.<\/p>\n<\/div>\n","protected":false},"excerpt":{"rendered":"<p>Es un privilegio que no ha podido ejercer hasta ahora porque la modalidad de kata (un combate contra un rival imaginario) en la que esta atleta ha desarrollado su exitosa carrera fue readmitida para la cita de Lima 2019 luego de su \u00faltima aparici\u00f3n en Santo Domingo 2003.<\/p>\n","protected":false},"author":16,"featured_media":58426,"comment_status":"closed","ping_status":"closed","sticky":false,"template":"","format":"standard","meta":[],"categories":[2,60],"tags":[],"acf":[],"_links":{"self":[{"href":"https:\/\/colimdo.org\/wp-api\/wp\/v2\/posts\/58425"}],"collection":[{"href":"https:\/\/colimdo.org\/wp-api\/wp\/v2\/posts"}],"about":[{"href":"https:\/\/colimdo.org\/wp-api\/wp\/v2\/types\/post"}],"author":[{"embeddable":true,"href":"https:\/\/colimdo.org\/wp-api\/wp\/v2\/users\/16"}],"replies":[{"embeddable":true,"href":"https:\/\/colimdo.org\/wp-api\/wp\/v2\/comments?post=58425"}],"version-history":[{"count":1,"href":"https:\/\/colimdo.org\/wp-api\/wp\/v2\/posts\/58425\/revisions"}],"predecessor-version":[{"id":58427,"href":"https:\/\/colimdo.org\/wp-api\/wp\/v2\/posts\/58425\/revisions\/58427"}],"wp:featuredmedia":[{"embeddable":true,"href":"https:\/\/colimdo.org\/wp-api\/wp\/v2\/media\/58426"}],"wp:attachment":[{"href":"https:\/\/colimdo.org\/wp-api\/wp\/v2\/media?parent=58425"}],"wp:term":[{"taxonomy":"category","embeddable":true,"href":"https:\/\/colimdo.org\/wp-api\/wp\/v2\/categories?post=58425"},{"taxonomy":"post_tag","embeddable":true,"href":"https:\/\/colimdo.org\/wp-api\/wp\/v2\/tags?post=58425"}],"curies":[{"name":"wp","href":"https:\/\/api.w.org\/{rel}","templated":true}]}}