{"id":58463,"date":"2019-07-22T18:29:29","date_gmt":"2019-07-22T18:29:29","guid":{"rendered":"https:\/\/colimdo.org\/?p=58463"},"modified":"2019-07-22T18:29:29","modified_gmt":"2019-07-22T18:29:29","slug":"nelson-javier-cree-badminton-ganara-oro-lima","status":"publish","type":"post","link":"https:\/\/colimdo.org\/noticias\/nelson-javier-cree-badminton-ganara-oro-lima\/","title":{"rendered":"Nelson Javier cree b\u00e1dminton ganar\u00e1 oro en Lima"},"content":{"rendered":"<p>SANTO DOMINGO.- Los atletas de b\u00e1dminton est\u00e1n m\u00e1s que motivados.<\/p>\n<p class=\"x_ydp25e534dcMsoNormal\">Nelson Javier, el m\u00e1s veterano de los seis deportistas de b\u00e1dminton que van a los XVIII Juegos Panamericanos de Lima fue categ\u00f3rico al afirmar que esa disciplina va en busca de mejorar su actuaci\u00f3n en los pasados juegos de Toronto en los que ganaron medalla de bronce.<\/p>\n<p class=\"x_ydp25e534dcMsoNormal\">\u201cEsperamos ganar un oro o quiz\u00e1s m\u00e1s\u201d, dijo Javier, quien agradeci\u00f3 la ma\u00f1ana de este lunes la visita que le hicieran Luis Mej\u00eda, presidente del Comit\u00e9 Ol\u00edmpico Dominicano, quien estuvo acompa\u00f1ado de Rafael Villalona y Luis Chanlatte, miembros de ese organismo.<\/p>\n<p class=\"x_ydp25e534dcMsoNormal\">Adem\u00e1s de Javier, tambi\u00e9n integran el seleccionado de b\u00e1dminton C\u00e9sar Brito y William Cabrera, as\u00ed como Bermary Polanco, Nairobi Jim\u00e9nez y Clarissa Pie.<\/p>\n<p class=\"x_ydp25e534dcMsoNormal\">En los Juegos Panamericanos de 2015 la pareja formada por Javier y Cabrera, dieron al pa\u00eds la primera y \u00fanica medalla (bronce) que ha ganado esa disciplina en este tipo de evento.<\/p>\n<p class=\"x_ydp25e534dcMsoNormal\">De su lado, Generoso Castillo, presidente de la Federaci\u00f3n Dominicana de B\u00e1dminto, agradeci\u00f3 el apoyo recibido del COD, el Ministerio de Deportes y Creso. \u201cEstamos m\u00e1s que motivados\u201d, dijo el dirigente deportivo.<\/p>\n<p class=\"x_ydp25e534dcMsoNormal\">Record\u00f3 que el seleccionado, que ha hecho base de entrenamiento en San Diego, Estados Unidos, acaba de participar del Open de Estados Unidos, efectuado en California.<\/p>\n<p class=\"x_ydp25e534dcMsoNormal\">En la actualidad completa la \u00faltima etapa de preparaci\u00f3n en las facilidades del colegio New Horizonts.<\/p>\n<p class=\"x_ydp25e534dcMsoNormal\">Mientras que Mej\u00eda dijo algunas palabras de motivaci\u00f3n a los atletas, entrenadores y dirigentes del b\u00e1dminton, indicando que tiene la esperanza de que el b\u00e1dminton siga elevando su posici\u00f3n en la regi\u00f3n.<\/p>\n<p class=\"x_ydp25e534dcMsoNormal\">\u201cCaminen con la frente en alto y con el orgullo de llevar la bandera en el pecho, mantengan su entusiasmo y que no haya ninguna situaci\u00f3n que los amilane\u201d, expuso Mej\u00eda.<\/p>\n<p class=\"x_ydp25e534dcMsoNormal\">Por su parte, Villalona destac\u00f3 la confianza que existe en la actuaci\u00f3n que tendr\u00e1 este deporte en el principal evento multideportivo del continente.<\/p>\n<p class=\"x_ydp25e534dcMsoNormal\">\u201cSu experiencia, nivel de entrenamiento, esfuerzo\u00a0\u00a0y dedicaci\u00f3n, hace que confiemos que har\u00e1n un gran trabajo en los Juegos Panamericanos\u201d, destac\u00f3 el miembro del Comit\u00e9 Ejecutivo del COD.<\/p>\n<div>El equipo nacional de b\u00e1dminton de la Rep\u00fablica Dominicana participar\u00e1 en el certamen que inicia este viernes 26 del presente mes y concluye el 11 de agosto, en las modalidades individual masculino y femenino, as\u00ed como tambi\u00e9n en dobles masculinos, femeninos y mixtos.<\/div>\n","protected":false},"excerpt":{"rendered":"<p>En los Juegos Panamericanos de 2015 la pareja formada por Javier y Cabrera, dieron al pa\u00eds la primera y \u00fanica medalla (bronce) que ha ganado esa disciplina en este tipo de evento.<\/p>\n","protected":false},"author":19,"featured_media":58464,"comment_status":"closed","ping_status":"closed","sticky":false,"template":"","format":"standard","meta":[],"categories":[2,60],"tags":[],"acf":[],"_links":{"self":[{"href":"https:\/\/colimdo.org\/wp-api\/wp\/v2\/posts\/58463"}],"collection":[{"href":"https:\/\/colimdo.org\/wp-api\/wp\/v2\/posts"}],"about":[{"href":"https:\/\/colimdo.org\/wp-api\/wp\/v2\/types\/post"}],"author":[{"embeddable":true,"href":"https:\/\/colimdo.org\/wp-api\/wp\/v2\/users\/19"}],"replies":[{"embeddable":true,"href":"https:\/\/colimdo.org\/wp-api\/wp\/v2\/comments?post=58463"}],"version-history":[{"count":1,"href":"https:\/\/colimdo.org\/wp-api\/wp\/v2\/posts\/58463\/revisions"}],"predecessor-version":[{"id":58465,"href":"https:\/\/colimdo.org\/wp-api\/wp\/v2\/posts\/58463\/revisions\/58465"}],"wp:featuredmedia":[{"embeddable":true,"href":"https:\/\/colimdo.org\/wp-api\/wp\/v2\/media\/58464"}],"wp:attachment":[{"href":"https:\/\/colimdo.org\/wp-api\/wp\/v2\/media?parent=58463"}],"wp:term":[{"taxonomy":"category","embeddable":true,"href":"https:\/\/colimdo.org\/wp-api\/wp\/v2\/categories?post=58463"},{"taxonomy":"post_tag","embeddable":true,"href":"https:\/\/colimdo.org\/wp-api\/wp\/v2\/tags?post=58463"}],"curies":[{"name":"wp","href":"https:\/\/api.w.org\/{rel}","templated":true}]}}