{"id":58485,"date":"2019-07-23T00:58:03","date_gmt":"2019-07-23T00:58:03","guid":{"rendered":"https:\/\/colimdo.org\/?p=58485"},"modified":"2019-07-23T00:58:03","modified_gmt":"2019-07-23T00:58:03","slug":"jefatura-mision-inicia-preparativos-izamiento-bandera-lima","status":"publish","type":"post","link":"https:\/\/colimdo.org\/noticias\/jefatura-mision-inicia-preparativos-izamiento-bandera-lima\/","title":{"rendered":"Jefatura de Misi\u00f3n inicia preparativos izamiento bandera en Lima"},"content":{"rendered":"<p>LIMA, Per\u00fa. La Jefatura de Misi\u00f3n dio paso a los preparativos para el izamiento de la bandera, como parte de los actos protocolares previo a la inauguraci\u00f3n este viernes de los XVIII Juegos Panamericanos de esta ciudad.<\/p>\n<p>La primera reuni\u00f3n, encabezada por el ingeniero Garibaldy Bautista, Jefe de Misi\u00f3n, se llev\u00f3 a cabo este lunes en el bloque de la delegaci\u00f3n dominicana en la Villa Panamericana.<\/p>\n<p>El izamiento de la ense\u00f1a tricolor est\u00e1 pautado para llevarse a cabo este mi\u00e9rcoles 24 de julio, a las 2:00 de la tarde (3:00 pm hora dominicana) en la zona internacional.<\/p>\n<p>\u201cEstamos siguiendo con el programa log\u00edstico que amerita este compromiso para que nuestros atletas y dem\u00e1s personal se sientan como en casa\u201d, manifest\u00f3 Bautista, que arrib\u00f3 la noche de este domingo a Lima.<\/p>\n<p>Adem\u00e1s de los preparativos para el izamiento de la bandera, tambi\u00e9n se trataron temas con los representantes de las comisiones m\u00e9dicas, con la doctora Lissette S\u00e1nchez; de seguridad, con el coronel Hern\u00e1ndez Olivero, as\u00ed como otros temas sobre el control de la delegaci\u00f3n en la Villa Panamericana.<\/p>\n<p>En sentido general, la primera reuni\u00f3n de la Jefatura de Misi\u00f3n estuvo centrada en temas de organizaci\u00f3n y de seguridad.<\/p>\n<p>La Jefatura de Misi\u00f3n inform\u00f3 que ya se encuentran instalados en la villa atletas de deportes como gimnasia, b\u00e1dminton, atletismo y que para este martes arribar\u00e1n 60 integrantes m\u00e1s de la delegaci\u00f3n, entre deportistas, oficiales, entrenadores y periodistas.<\/p>\n<p>El jueves 25, a las 11:00 de la ma\u00f1ana, se llevar\u00e1 a cabo el encuentro de bienvenida a la delegaci\u00f3n en el Swiss Hotel, en Lima, mientras que el viernes 26, a las 7:00 de la noche (8:00 pm hora dominicana) ser\u00e1 la ceremonia de apertura de los Juegos Panamericanos y en la que desfilar\u00e1 la representaci\u00f3n quisqueyana en el Estadio Nacional.<\/p>\n","protected":false},"excerpt":{"rendered":"<p>La primera reuni\u00f3n, encabezada por el ingeniero Garibaldy Bautista, Jefe de Misi\u00f3n, se llev\u00f3 a cabo este lunes en el bloque de la delegaci\u00f3n dominicana en la Villa Panamericana.<\/p>\n","protected":false},"author":19,"featured_media":58486,"comment_status":"closed","ping_status":"closed","sticky":false,"template":"","format":"standard","meta":[],"categories":[2,60],"tags":[],"acf":[],"_links":{"self":[{"href":"https:\/\/colimdo.org\/wp-api\/wp\/v2\/posts\/58485"}],"collection":[{"href":"https:\/\/colimdo.org\/wp-api\/wp\/v2\/posts"}],"about":[{"href":"https:\/\/colimdo.org\/wp-api\/wp\/v2\/types\/post"}],"author":[{"embeddable":true,"href":"https:\/\/colimdo.org\/wp-api\/wp\/v2\/users\/19"}],"replies":[{"embeddable":true,"href":"https:\/\/colimdo.org\/wp-api\/wp\/v2\/comments?post=58485"}],"version-history":[{"count":1,"href":"https:\/\/colimdo.org\/wp-api\/wp\/v2\/posts\/58485\/revisions"}],"predecessor-version":[{"id":58487,"href":"https:\/\/colimdo.org\/wp-api\/wp\/v2\/posts\/58485\/revisions\/58487"}],"wp:featuredmedia":[{"embeddable":true,"href":"https:\/\/colimdo.org\/wp-api\/wp\/v2\/media\/58486"}],"wp:attachment":[{"href":"https:\/\/colimdo.org\/wp-api\/wp\/v2\/media?parent=58485"}],"wp:term":[{"taxonomy":"category","embeddable":true,"href":"https:\/\/colimdo.org\/wp-api\/wp\/v2\/categories?post=58485"},{"taxonomy":"post_tag","embeddable":true,"href":"https:\/\/colimdo.org\/wp-api\/wp\/v2\/tags?post=58485"}],"curies":[{"name":"wp","href":"https:\/\/api.w.org\/{rel}","templated":true}]}}