{"id":58503,"date":"2019-07-23T01:39:39","date_gmt":"2019-07-23T01:39:39","guid":{"rendered":"https:\/\/colimdo.org\/?p=58503"},"modified":"2019-07-23T01:39:39","modified_gmt":"2019-07-23T01:39:39","slug":"bradley-beal-tobias-harris-se-unen-la-larga-lista-bajas-del-dream-team","status":"publish","type":"post","link":"https:\/\/colimdo.org\/noticias\/bradley-beal-tobias-harris-se-unen-la-larga-lista-bajas-del-dream-team\/","title":{"rendered":"Bradley Beal y Tobias Harris se unen a la larga lista de bajas del &#8220;Dream Team&#8221;"},"content":{"rendered":"<p>MUNDO DEPORTIVO.-\u00a0Bradley Beal (Wizards) y Tobias Harris (Sixers) han anunciado que no acudir\u00e1n al pr\u00f3ximo Mundial de baloncesto con la selecci\u00f3n de Estados Unidos. Tras estas dos renuncias, ya son seis los jugadores preseleccionados por Gregg Popovich que han rehusado acudir a la cita que arrancar\u00e1 el pr\u00f3ximo s\u00e1bado 31 de agosto en Shanghai.<\/p>\n<p>Adem\u00e1s del alero de Washington y del reci\u00e9n renovado Harris, tampoco ir\u00e1n a China Anthony Davis (Lakers), James Harden y Eric Gordon (Rockets) y CJ McCollum (Blazers).<\/p>\n<p>Con la avalancha de bajas que se est\u00e1 produciendo en los \u00faltimos d\u00edas, ya empiezan a barajarse posibles sustitutos. Joe Vardon, periodista de \u2018The Athletic\u2019, ha apuntado nombres como los del veterano Thaddeus Young (Pacers), los de los \u2018celtics\u2019 Marcus Smart y Jaylen Brown, el del joven base reci\u00e9n firmado por los Warriors D\u2019Angelo Russell o el del alero de los Orlando Magic Aaron Gordon como posibles relevos por si m\u00e1s jugadores se dan de baja.<\/p>\n<p>Ahora la pelota est\u00e1 en el tejado del seleccionador Gregg Popovich, que deber\u00e1 decidir si llama a alguno de estos jugadores o arma la convocatoria final de 12 con los de su primera preselecci\u00f3n. De la lista inicial de 20, estos son los 14 jugadores que a\u00fan forman parte de un hipot\u00e9tico \u2018Dream Team\u2019 estadounidense:<\/p>\n<p>&#8211; Kemba Walker (Celtics) &#8211; Base<\/p>\n<p>&#8211; Kyle Lowry (Raptors) &#8211; Base<\/p>\n<p>&#8211; Damian Lillard (Blazers) &#8211; Base<\/p>\n<p>&#8211; Donovan Mitchell (Jazz) &#8211; Escolta<\/p>\n<p>&#8211; Harrison Barnes (Kings) &#8211; Alero<\/p>\n<p>&#8211; Jason Tatum (Celtics) &#8211; Alero<\/p>\n<p>&#8211; Khris Middleton (Bucks) &#8211; Alero<\/p>\n<p>&#8211; Kyle Kuzma (Lakers) &#8211; Alero<\/p>\n<p>&#8211; PJ Tucker (Rockets) &#8211; Alero<\/p>\n<p>&#8211; Kevin Love (Cavaliers) &#8211; Ala-p\u00edvot<\/p>\n<p>&#8211; Paul Millsap (Nuggets) &#8211; Ala-p\u00edvot<\/p>\n<p>&#8211; Brook Lopez (Bucks) &#8211; P\u00edvot<\/p>\n<p>&#8211; Myles Turner (Pacers) &#8211; P\u00edvot<\/p>\n<p>&#8211; Andre Drummond (Pistons) &#8211; P\u00edvot.<\/p>\n","protected":false},"excerpt":{"rendered":"<p>Adem\u00e1s del alero de Washington y del reci\u00e9n renovado Harris, tampoco ir\u00e1n a China Anthony Davis (Lakers), James Harden y Eric Gordon (Rockets) y CJ McCollum (Blazers).<\/p>\n","protected":false},"author":19,"featured_media":58504,"comment_status":"closed","ping_status":"closed","sticky":false,"template":"","format":"standard","meta":[],"categories":[2,60],"tags":[],"acf":[],"_links":{"self":[{"href":"https:\/\/colimdo.org\/wp-api\/wp\/v2\/posts\/58503"}],"collection":[{"href":"https:\/\/colimdo.org\/wp-api\/wp\/v2\/posts"}],"about":[{"href":"https:\/\/colimdo.org\/wp-api\/wp\/v2\/types\/post"}],"author":[{"embeddable":true,"href":"https:\/\/colimdo.org\/wp-api\/wp\/v2\/users\/19"}],"replies":[{"embeddable":true,"href":"https:\/\/colimdo.org\/wp-api\/wp\/v2\/comments?post=58503"}],"version-history":[{"count":1,"href":"https:\/\/colimdo.org\/wp-api\/wp\/v2\/posts\/58503\/revisions"}],"predecessor-version":[{"id":58505,"href":"https:\/\/colimdo.org\/wp-api\/wp\/v2\/posts\/58503\/revisions\/58505"}],"wp:featuredmedia":[{"embeddable":true,"href":"https:\/\/colimdo.org\/wp-api\/wp\/v2\/media\/58504"}],"wp:attachment":[{"href":"https:\/\/colimdo.org\/wp-api\/wp\/v2\/media?parent=58503"}],"wp:term":[{"taxonomy":"category","embeddable":true,"href":"https:\/\/colimdo.org\/wp-api\/wp\/v2\/categories?post=58503"},{"taxonomy":"post_tag","embeddable":true,"href":"https:\/\/colimdo.org\/wp-api\/wp\/v2\/tags?post=58503"}],"curies":[{"name":"wp","href":"https:\/\/api.w.org\/{rel}","templated":true}]}}